{"id":220637,"date":"2026-01-08T14:33:08","date_gmt":"2026-01-08T14:33:08","guid":{"rendered":"https:\/\/www.europesays.com\/pt\/220637\/"},"modified":"2026-01-08T14:33:08","modified_gmt":"2026-01-08T14:33:08","slug":"star-wars-reencontro-de-luke-leia-e-han-solo-na-trilogia-sequel-foi-negado-a-mark-hamill","status":"publish","type":"post","link":"https:\/\/www.europesays.com\/pt\/220637\/","title":{"rendered":"Star Wars | Reencontro de Luke, Leia e Han Solo na trilogia sequel foi negado a Mark Hamill"},"content":{"rendered":"<p class=\"wp-block-yoast-seo-estimated-reading-time yoast-reading-time__wrapper\">Estimated reading time: 2 minutos<\/p>\n<p><a href=\"https:\/\/ovicio.com.br\/tag\/mark-hamill\" target=\"_blank\" rel=\"noreferrer noopener nofollow\">Mark Hamill<\/a> tentou fazer com que <strong>Luke<\/strong>, <strong>Leia<\/strong> e <strong>Han Solo<\/strong> se reencontrassem na trilogia sequel de <a href=\"https:\/\/ovicio.com.br\/tag\/star-wars\" target=\"_blank\" rel=\"noreferrer noopener nofollow\">Star Wars,<\/a> mas um dos diretores da saga lhe negou a \u00faltima tentativa de reunir os her\u00f3is diante das telas.<\/p>\n<p>Em uma mesa redonda com atores organizada pelo The Hollywood Reporter, o emblem\u00e1tico int\u00e9rprete de Luke Skywalker contou que fez o pedido a <a href=\"https:\/\/ovicio.com.br\/tag\/j-j-abrams\" target=\"_blank\" rel=\"noreferrer noopener nofollow\">J.J. Abrams<\/a>, que n\u00e3o lhe deu mais do que uma resposta r\u00edspida.<\/p>\n<p><strong>&#8220;Eu disse: &#8216;N\u00e3o vamos ter um momento em que n\u00f3s tr\u00eas nos juntamos para comemorar algo? Vai levar s\u00f3 30 segundos&#8217;. E J.J. disse: &#8216;Bom, Mark, n\u00e3o \u00e9 mais a hist\u00f3ria de Luke.'&#8221;<\/strong><\/p>\n<p><strong>Abrams<\/strong> trabalhou na dire\u00e7\u00e3o de <strong>O Despertar da For\u00e7a (2015)<\/strong> e <strong>A Ascens\u00e3o Skywalker (2019)<\/strong>, o primeiro e \u00faltimo filme da trilogia, enquanto <a href=\"https:\/\/ovicio.com.br\/tag\/rian-johnson\" target=\"_blank\" rel=\"noreferrer noopener nofollow\">Rian Johnson<\/a> assumiu o comando de<strong> Os \u00daltimos Jedi (2017). <\/strong><\/p>\n<p>Com exce\u00e7\u00e3o de <a href=\"https:\/\/ovicio.com.br\/tag\/harrison-ford\" target=\"_blank\" rel=\"noreferrer noopener nofollow\">Harrison Ford<\/a>, <strong>Carrie Fisher <\/strong>e <strong>Mark Hamill <\/strong>participaram de todos os tr\u00eas longas-metragens das sequels, embora os tr\u00eas personagens tenham tido finais tr\u00e1gicos.<\/p>\n<p>Os tr\u00eas filmes de <strong>Star Wars<\/strong>, assim como o restante da saga, est\u00e3o dispon\u00edveis no cat\u00e1logo do <a href=\"https:\/\/ovicio.com.br\/tag\/disneyplus\" rel=\"nofollow noopener\" target=\"_blank\">Disney+<\/a>.<\/p>\n<p>Leia mais sobre Star Wars e Mark Hamill:<\/p>\n<p><strong>Fonte: <\/strong><a href=\"https:\/\/www.gamesradar.com\/entertainment\/star-wars-movies\/star-wars-mark-hamill-says-he-asked-j-j-abrams-for-a-luke-han-and-leia-reunion-in-the-sequels-but-was-told-its-not-lukes-story-anymore\/\" target=\"_blank\" rel=\"noreferrer noopener nofollow\">Total Film<\/a>.<\/p>\n","protected":false},"excerpt":{"rendered":"Estimated reading time: 2 minutos Mark Hamill tentou fazer com que Luke, Leia e Han Solo se reencontrassem&hellip;\n","protected":false},"author":2,"featured_media":220638,"comment_status":"","ping_status":"","sticky":false,"template":"","format":"standard","meta":{"footnotes":""},"categories":[140],"tags":[28425,114,115,147,148,30171,27635,38316,16102,146,32,33,5418,33589],"class_list":{"0":"post-220637","1":"post","2":"type-post","3":"status-publish","4":"format-standard","5":"has-post-thumbnail","7":"category-filmes","8":"tag-carrie-fisher","9":"tag-entertainment","10":"tag-entretenimento","11":"tag-film","12":"tag-filmes","13":"tag-harrison-ford","14":"tag-j-j-abrams","15":"tag-jj-abrams","16":"tag-mark-hamill","17":"tag-movies","18":"tag-portugal","19":"tag-pt","20":"tag-star-wars","21":"tag-star-wars-o-despertar-da-forca"},"share_on_mastodon":{"url":"https:\/\/pubeurope.com\/@pt\/115859974018305512","error":""},"_links":{"self":[{"href":"https:\/\/www.europesays.com\/pt\/wp-json\/wp\/v2\/posts\/220637","targetHints":{"allow":["GET"]}}],"collection":[{"href":"https:\/\/www.europesays.com\/pt\/wp-json\/wp\/v2\/posts"}],"about":[{"href":"https:\/\/www.europesays.com\/pt\/wp-json\/wp\/v2\/types\/post"}],"author":[{"embeddable":true,"href":"https:\/\/www.europesays.com\/pt\/wp-json\/wp\/v2\/users\/2"}],"replies":[{"embeddable":true,"href":"https:\/\/www.europesays.com\/pt\/wp-json\/wp\/v2\/comments?post=220637"}],"version-history":[{"count":0,"href":"https:\/\/www.europesays.com\/pt\/wp-json\/wp\/v2\/posts\/220637\/revisions"}],"wp:featuredmedia":[{"embeddable":true,"href":"https:\/\/www.europesays.com\/pt\/wp-json\/wp\/v2\/media\/220638"}],"wp:attachment":[{"href":"https:\/\/www.europesays.com\/pt\/wp-json\/wp\/v2\/media?parent=220637"}],"wp:term":[{"taxonomy":"category","embeddable":true,"href":"https:\/\/www.europesays.com\/pt\/wp-json\/wp\/v2\/categories?post=220637"},{"taxonomy":"post_tag","embeddable":true,"href":"https:\/\/www.europesays.com\/pt\/wp-json\/wp\/v2\/tags?post=220637"}],"curies":[{"name":"wp","href":"https:\/\/api.w.org\/{rel}","templated":true}]}}