{"id":220661,"date":"2026-01-08T14:53:09","date_gmt":"2026-01-08T14:53:09","guid":{"rendered":"https:\/\/www.europesays.com\/pt\/220661\/"},"modified":"2026-01-08T14:53:09","modified_gmt":"2026-01-08T14:53:09","slug":"usp-oferece-mini-curso-de-ferias-sobre-modelagem-e-impressao-3d-para-criancas-jornal-da-usp","status":"publish","type":"post","link":"https:\/\/www.europesays.com\/pt\/220661\/","title":{"rendered":"USP oferece mini-curso de f\u00e9rias sobre modelagem e impress\u00e3o 3D para crian\u00e7as \u2013 Jornal da USP"},"content":{"rendered":"<p>Podem participar crian\u00e7as entre 10 e 14 anos; inscri\u00e7\u00f5es podem ser feitas at\u00e9 10 de janeiro<\/p>\n<p>       Por <a href=\"https:\/\/jornal.usp.br\/author\/ana-clara-casotti\/\" title=\"Posts de Ana Clara Casotti*\" rel=\"author nofollow noopener\" itemprop=\"author\" itemscope=\"itemscope\" itemtype=\"https:\/\/schema.org\/Person\" target=\"_blank\">Ana Clara Casotti*<\/a><\/p>\n<p>\u00a0<\/p>\n<p>O Departamento de Computa\u00e7\u00e3o e Matem\u00e1tica da Faculdade de Filosofia, Ci\u00eancias e Letras de Ribeir\u00e3o Preto (FFCLRP) da USP est\u00e1 com inscri\u00e7\u00f5es abertas para o mini-curso de f\u00e9rias Modelagem e Impress\u00e3o 3D, para crian\u00e7as de 10 a 14 anos. As aulas, presenciais no Departamento, ser\u00e3o de 12 a 16 de janeiro, das 13h30 \u00e0s 17h30, e as inscri\u00e7\u00f5es podem ser feitas gratuitamente at\u00e9 dia 10 de janeiro, s\u00e1bado, <a href=\"https:\/\/docs.google.com\/forms\/d\/e\/1FAIpQLScFmJdyqxvyeDAdB2vORUVyd0c7nx5nbJDKBUGBx03ua2PLlQ\/viewform\" rel=\"nofollow noopener\" target=\"_blank\">neste link<\/a>. Durante a inscri\u00e7\u00e3o, \u00e9 necess\u00e1rio que os respons\u00e1veis pelas crian\u00e7as informem um telefone ou e-mail de contato para facilitar a comunica\u00e7\u00e3o e por quest\u00f5es de privacidade dos alunos, no entanto, n\u00e3o \u00e9 necess\u00e1rio a presen\u00e7a dos respons\u00e1veis durante as aulas.<\/p>\n<p>De acordo com o professor Ricardo Zorzetto Nicoliello Ven\u00e2ncio, coordenador do curso, o objetivo \u00e9 \u201capresentar, de forma acess\u00edvel e pr\u00e1tica, conceitos b\u00e1sicos de modelagem computacional e impress\u00e3o 3D, despertando o interesse de crian\u00e7as e adolescentes pela ci\u00eancia da computa\u00e7\u00e3o, tecnologia e inova\u00e7\u00e3o\u201d. Com aulas te\u00f3ricas e pr\u00e1ticas, os alunos ter\u00e3o contato com conceitos b\u00e1sicos de matem\u00e1tica, como no\u00e7\u00f5es de espa\u00e7o tridimensional e medidas, al\u00e9m de modelagem de objetos em 3D e o entendimento sobre o funcionamento de impressoras 3D. Ao fim do curso, os participantes ser\u00e3o divididos em equipes para um desafio pr\u00e1tico.<\/p>\n<p>Mais informa\u00e7\u00f5es: rvencio@usp.br.<\/p>\n<p>*Estagi\u00e1ria sob supervis\u00e3o de Rose Talamone<\/p>\n","protected":false},"excerpt":{"rendered":"Podem participar crian\u00e7as entre 10 e 14 anos; inscri\u00e7\u00f5es podem ser feitas at\u00e9 10 de janeiro Por Ana&hellip;\n","protected":false},"author":2,"featured_media":220662,"comment_status":"","ping_status":"","sticky":false,"template":"","format":"standard","meta":{"footnotes":""},"categories":[84],"tags":[109,107,108,32,33,105,103,104,106,110],"class_list":{"0":"post-220661","1":"post","2":"type-post","3":"status-publish","4":"format-standard","5":"has-post-thumbnail","7":"category-ciencia-e-tecnologia","8":"tag-ciencia","9":"tag-ciencia-e-tecnologia","10":"tag-cienciaetecnologia","11":"tag-portugal","12":"tag-pt","13":"tag-science","14":"tag-science-and-technology","15":"tag-scienceandtechnology","16":"tag-technology","17":"tag-tecnologia"},"share_on_mastodon":{"url":"https:\/\/pubeurope.com\/@pt\/115860052648744406","error":""},"_links":{"self":[{"href":"https:\/\/www.europesays.com\/pt\/wp-json\/wp\/v2\/posts\/220661","targetHints":{"allow":["GET"]}}],"collection":[{"href":"https:\/\/www.europesays.com\/pt\/wp-json\/wp\/v2\/posts"}],"about":[{"href":"https:\/\/www.europesays.com\/pt\/wp-json\/wp\/v2\/types\/post"}],"author":[{"embeddable":true,"href":"https:\/\/www.europesays.com\/pt\/wp-json\/wp\/v2\/users\/2"}],"replies":[{"embeddable":true,"href":"https:\/\/www.europesays.com\/pt\/wp-json\/wp\/v2\/comments?post=220661"}],"version-history":[{"count":0,"href":"https:\/\/www.europesays.com\/pt\/wp-json\/wp\/v2\/posts\/220661\/revisions"}],"wp:featuredmedia":[{"embeddable":true,"href":"https:\/\/www.europesays.com\/pt\/wp-json\/wp\/v2\/media\/220662"}],"wp:attachment":[{"href":"https:\/\/www.europesays.com\/pt\/wp-json\/wp\/v2\/media?parent=220661"}],"wp:term":[{"taxonomy":"category","embeddable":true,"href":"https:\/\/www.europesays.com\/pt\/wp-json\/wp\/v2\/categories?post=220661"},{"taxonomy":"post_tag","embeddable":true,"href":"https:\/\/www.europesays.com\/pt\/wp-json\/wp\/v2\/tags?post=220661"}],"curies":[{"name":"wp","href":"https:\/\/api.w.org\/{rel}","templated":true}]}}