{"id":220667,"date":"2026-01-08T14:57:13","date_gmt":"2026-01-08T14:57:13","guid":{"rendered":"https:\/\/www.europesays.com\/pt\/220667\/"},"modified":"2026-01-08T14:57:13","modified_gmt":"2026-01-08T14:57:13","slug":"renee-good-quem-era-a-mulher-morta-durante-operacao-do-ice-nos-eua-pessoas","status":"publish","type":"post","link":"https:\/\/www.europesays.com\/pt\/220667\/","title":{"rendered":"Renee Good: quem era a mulher morta durante opera\u00e7\u00e3o do ICE nos EUA | Pessoas"},"content":{"rendered":"<p>Apelidada de imediato pelo Presidente Donald Trump de \u201cdesordeira\u201d e \u201cagitadora profissional\u201d, quem era afinal Renee Good, a mulher <a href=\"https:\/\/www.publico.pt\/2026\/01\/07\/mundo\/noticia\/ice-mata-mulher-desarmada-tiro-minneapolis-casa-branca-acusaa-terrorismo-2160446\" target=\"_blank\" rel=\"nofollow noopener\">baleada mortalmente<\/a>, nesta quarta-feira, por agentes da pol\u00edcia federal norte-americana de imigra\u00e7\u00e3o, o ICE? Renee Good tinha 37 anos, vivia em Mine\u00e1polis, a pouco quarteir\u00f5es do local do crime, com o companheiro e o filho mais novo, confirmou a m\u00e3e, Donna Ganger, ao jornal <a href=\"https:\/\/www.startribune.com\/she-was-an-amazing-human-being-mother-identifies-woman-shot-killed-by-ice-agent\/601559922\" target=\"_blank\" rel=\"nofollow noopener\">The Minnesota Star Tribune<\/a>, e o Conselho Municipal de Mine\u00e1polis em comunicado.<\/p>\n<p>Donna Granger disse ao mesmo jornal que a filha era uma das pessoas mais gentis que conheceu e que \u201cera extremamente bondosa\u201d. \u201cCuidou das pessoas a vida toda. Era amorosa, compreensiva e carinhosa. Um ser humano incr\u00edvel.\u201d<\/p>\n<p>\u201c\u00c9 t\u00e3o est\u00fapido\u201d, avaliou Ganger, depois de saber das circunst\u00e2ncias da morte por um jornalista. \u201cProvavelmente, estava aterrorizada\u201d, acrescentou. Ganger assegurou tamb\u00e9m que a Good \u201cn\u00e3o estava envolvida em nada disto\u201d, referindo-se aos manifestantes que protestavam contra os agentes do ICE.<\/p>\n<p>\u201cEla teve uma boa vida, mas dif\u00edcil\u201d, referiu o pai, Tim Ganger, ao <a href=\"https:\/\/www.washingtonpost.com\/immigration\/2026\/01\/08\/renee-good-ice-who-is\/\" target=\"_blank\" rel=\"nofollow noopener\">The Washington Post<\/a>. \u201cEra uma pessoa maravilhosa\u201d, concluiu o progenitor.<\/p>\n<p>                &#13;<br \/>\n                    &#13;<br \/>\n                    &#13;<br \/>\n                        Os protestos anti-ICE em Nova Iorque, ap\u00f3s a morte de Renee Good&#13;<br \/>\nEPA\/Olga Fedorova                    &#13;<\/p>\n<p>Renee Good nasceu em Colorado Springs, no estado do Colorado, tinha tr\u00eas filhos, de 15, 12 e 6 anos. Estudou escrita criativa na Old Dominion University, em Norfolk, Virg\u00ednia, e recebeu o pr\u00e9mio de poesia para estudantes da universidade por <a href=\"https:\/\/poets.org\/2020-on-learning-to-dissect-fetal-pigs\" rel=\"nofollow noopener\" target=\"_blank\">On Learning to Dissect Fetal Pigs<\/a>, em 2020.<\/p>\n<p>A biografia do pr\u00e9mio de poesia caracteriza-a como uma escritora \u00e1vida e uma m\u00e3e dedicada. \u201cQuando n\u00e3o est\u00e1 a escrever, a ler ou a falar sobre escrita, faz maratonas de filmes e cria arte com a filha e os dois filhos\u201d, l\u00ea-se.<\/p>\n<p>\u201cEste \u00e9 mais um exemplo claro de que o medo e a viol\u00eancia, infelizmente, se tornaram comuns na nossa na\u00e7\u00e3o\u201d, disse o presidente da Old Dominion, Brian O. Hemphill, em comunicado ao WP. \u201cQue a vida de Renee seja um lembrete do que nos une: liberdade, amor e paz\u201d, acrescentou.<\/p>\n<p>O Conselho Municipal de Mine\u00e1polis descreve Good como uma residente que \u201ccuidava dos seus vizinhos\u201d. A senadora Tina Smith, democrata pelo Minnesota, disse estar \u201cde cora\u00e7\u00e3o partido e furiosa\u201d com a morte de Good, descrevendo-a como uma \u201ccidad\u00e3 norte-americana americana, m\u00e3e e residente nas Twin Cities\u201d.<\/p>\n<p>Na vig\u00edlia que se seguiu \u00e0 sua morte, os vizinhos caracterizaram-na como uma boa vizinha que protegia os outros. \u201cEla era pac\u00edfica, fazia a coisa certa\u201d, disse ao The Minnesota Star Tribune Jaylani Hussein, director executivo do CAIR-MN (uma organiza\u00e7\u00e3o que trabalha na defesa dos direitos civis, dedicada a capacitar os mu\u00e7ulmanos americanos e as comunidades marginalizadas em todo o estado do Minnesota). \u201cEla morreu porque amava os seus vizinhos.\u201d<\/p>\n<p>J\u00e1 os membros da Administra\u00e7\u00e3o de Donald Trump acusam-na de \u201cum acto de terrorismo dom\u00e9stico\u201d, argumentando que os agentes responderam a uma amea\u00e7a de atropelamento, vers\u00e3o dada tamb\u00e9m pelas autoridades federais, que alegam que os tiros foram disparados em leg\u00edtima defesa, acusando a mulher de ter tentado usar o seu ve\u00edculo para atropelar agentes \u2014 vers\u00e3o veementemente contestada pelas autoridades locais.<\/p>\n<p>O governador do Minnesota, Tim Walz (democrata), culpou a Administra\u00e7\u00e3o Trump pelo incidente, ecoando a frustra\u00e7\u00e3o dos residentes locais com o aumento das ac\u00e7\u00f5es federais de imigra\u00e7\u00e3o em Mine\u00e1polis. \u201cH\u00e1 semanas que alertamos que as opera\u00e7\u00f5es perigosas da Administra\u00e7\u00e3o Trump representam uma amea\u00e7a \u00e0 seguran\u00e7a p\u00fablica e que algu\u00e9m iria ficar ferido\u201d, disse numa confer\u00eancia de imprensa na tarde de quarta-feira. O presidente da C\u00e2mara de Mine\u00e1polis, Jacob Frey (democrata), ressaltou, segundo o WP, que o v\u00eddeo do incidente mostra \u201cum agente a usar o poder de forma imprudente, o que resultou na morte de algu\u00e9m\u201d.<\/p>\n","protected":false},"excerpt":{"rendered":"Apelidada de imediato pelo Presidente Donald Trump de \u201cdesordeira\u201d e \u201cagitadora profissional\u201d, quem era afinal Renee Good, a&hellip;\n","protected":false},"author":2,"featured_media":220668,"comment_status":"","ping_status":"","sticky":false,"template":"","format":"standard","meta":{"footnotes":""},"categories":[8],"tags":[995,993,27,28,92,353,413,15,16,14,708,25,26,21,22,62,12,13,19,20,712,32,23,24,33,17,18,29,30,31,18712],"class_list":{"0":"post-220667","1":"post","2":"type-post","3":"status-publish","4":"format-standard","5":"has-post-thumbnail","7":"category-principais-noticias","8":"tag-abre-conteudo","9":"tag-america","10":"tag-breaking-news","11":"tag-breakingnews","12":"tag-donald-trump","13":"tag-em-destaque","14":"tag-eua","15":"tag-featured-news","16":"tag-featurednews","17":"tag-headlines","18":"tag-impar","19":"tag-latest-news","20":"tag-latestnews","21":"tag-main-news","22":"tag-mainnews","23":"tag-mundo","24":"tag-news","25":"tag-noticias","26":"tag-noticias-principais","27":"tag-noticiasprincipais","28":"tag-pessoas","29":"tag-portugal","30":"tag-principais-noticias","31":"tag-principaisnoticias","32":"tag-pt","33":"tag-top-stories","34":"tag-topstories","35":"tag-ultimas","36":"tag-ultimas-noticias","37":"tag-ultimasnoticias","38":"tag-violencia-policial"},"share_on_mastodon":{"url":"https:\/\/pubeurope.com\/@pt\/115860068673181509","error":""},"_links":{"self":[{"href":"https:\/\/www.europesays.com\/pt\/wp-json\/wp\/v2\/posts\/220667","targetHints":{"allow":["GET"]}}],"collection":[{"href":"https:\/\/www.europesays.com\/pt\/wp-json\/wp\/v2\/posts"}],"about":[{"href":"https:\/\/www.europesays.com\/pt\/wp-json\/wp\/v2\/types\/post"}],"author":[{"embeddable":true,"href":"https:\/\/www.europesays.com\/pt\/wp-json\/wp\/v2\/users\/2"}],"replies":[{"embeddable":true,"href":"https:\/\/www.europesays.com\/pt\/wp-json\/wp\/v2\/comments?post=220667"}],"version-history":[{"count":0,"href":"https:\/\/www.europesays.com\/pt\/wp-json\/wp\/v2\/posts\/220667\/revisions"}],"wp:featuredmedia":[{"embeddable":true,"href":"https:\/\/www.europesays.com\/pt\/wp-json\/wp\/v2\/media\/220668"}],"wp:attachment":[{"href":"https:\/\/www.europesays.com\/pt\/wp-json\/wp\/v2\/media?parent=220667"}],"wp:term":[{"taxonomy":"category","embeddable":true,"href":"https:\/\/www.europesays.com\/pt\/wp-json\/wp\/v2\/categories?post=220667"},{"taxonomy":"post_tag","embeddable":true,"href":"https:\/\/www.europesays.com\/pt\/wp-json\/wp\/v2\/tags?post=220667"}],"curies":[{"name":"wp","href":"https:\/\/api.w.org\/{rel}","templated":true}]}}