{"id":220707,"date":"2026-01-08T15:22:11","date_gmt":"2026-01-08T15:22:11","guid":{"rendered":"https:\/\/www.europesays.com\/pt\/220707\/"},"modified":"2026-01-08T15:22:11","modified_gmt":"2026-01-08T15:22:11","slug":"com-92-pontos-em-100-provamos-o-vinho-que-nos-fez-entrar-em-2026-em-grande","status":"publish","type":"post","link":"https:\/\/www.europesays.com\/pt\/220707\/","title":{"rendered":"Com 92 pontos em 100, prov\u00e1mos o vinho que nos fez entrar em 2026 em grande"},"content":{"rendered":"<p>Come\u00e7ar 2026 em grande n\u00e3o \u00e9 apenas <a href=\"https:\/\/versa.iol.pt\/espumante\/vinho\/espumante-portugues-entre-os-melhores-do-mundo-em-2026-nem-custa-14-euros\/20251215\/693ff419d34e2bd5c6d51ca8\" rel=\"nofollow noopener\" target=\"_blank\">sin\u00f3nimo de espumante<\/a>. O vinho que acompanha a primeira refei\u00e7\u00e3o de 2026 tamb\u00e9m \u00e9 de extrema import\u00e2ncia e, no caso da VERSA, chegou \u00e0 mesa um vinho especial para entrar no novo ano com o p\u00e9 (ou m\u00e3o) direito.\u00a0<\/p>\n<p>Falamos do Herdade de S\u00e3o Miguel P\u00e9 de M\u00e3e tinto\u00a02017, um vinho numerado, com apenas 6.600 garrafas no mercado. Na lotaria calhou-nos a n\u00famero 1.800, que mesmo n\u00e3o sendo a primeira n\u00e3o deixa de ser digna de nota. Isto porque falamos num vinho que recebeu classifica\u00e7\u00e3o 92 em 100 pontos no\u00a0Wine Enthusiast,\u00a0plataforma internacional dedicada ao mundo do vinho, e raz\u00f5es para isso n\u00e3o faltam.\u00a0<\/p>\n<p>Falamos num monocasta\u00a0Trincadeira, que tem dado continuidade \u00e0 hist\u00f3ria de cinco gera\u00e7\u00f5es que marca o projeto familiar Casa Relvas, iniciado em 1997 em S\u00e3o Miguel de Machede, em Redondo, Alentejo.\u00a0<\/p>\n<p>O vinho que prov\u00e1mos prov\u00e9m da Herdade de S\u00e3o Miguel, que fica em S\u00e3o Miguel de Machede, resultando da colheita de 2017.\u00a0<\/p>\n<p>Com teor alco\u00f3lico de 13%, este \u00e9 um vinho que aquece o corpo e o ambiente de um almo\u00e7o ou jantar especial, e que aquece especialmente a alma pelas notas de frutos vermelhos, com um toque bals\u00e2mico subtil, revelando-se no paladar os seus taninos suaves e elegantes e uma acidez\u00a0equilibrada.\u00a0<\/p>\n<p>O vinho est\u00e1 dispon\u00edvel em garrafeiras selecionadas, <a href=\"https:\/\/www.dourado.com.pt\/herdade-sao-miguel-pe-de-mae\" target=\"_blank\" rel=\"nofollow noopener\">como a Dourado Distribui\u00e7\u00e3o<\/a>, plataforma na qual est\u00e1 \u00e0 venda por \u20ac30.\u00a0<\/p>\n<p>Mostramos esta e outras refer\u00eancias na galeria de imagens.\u00a0<\/p>\n","protected":false},"excerpt":{"rendered":"Come\u00e7ar 2026 em grande n\u00e3o \u00e9 apenas sin\u00f3nimo de espumante. O vinho que acompanha a primeira refei\u00e7\u00e3o de&hellip;\n","protected":false},"author":2,"featured_media":220708,"comment_status":"","ping_status":"","sticky":false,"template":"","format":"standard","meta":{"footnotes":""},"categories":[83],"tags":[2837,1081,88,42718,204,89,90,754,186,1079,32,33,1078,1080,3911,42719],"class_list":{"0":"post-220707","1":"post","2":"type-post","3":"status-publish","4":"format-standard","5":"has-post-thumbnail","7":"category-empresas","8":"tag-2837","9":"tag-beleza","10":"tag-business","11":"tag-casa-relvas","12":"tag-design","13":"tag-economy","14":"tag-empresas","15":"tag-gastronomia","16":"tag-lifestyle","17":"tag-moda","18":"tag-portugal","19":"tag-pt","20":"tag-versa","21":"tag-viagens","22":"tag-vinho","23":"tag-vinho-tinto"},"share_on_mastodon":{"url":"https:\/\/pubeurope.com\/@pt\/115860166709720170","error":""},"_links":{"self":[{"href":"https:\/\/www.europesays.com\/pt\/wp-json\/wp\/v2\/posts\/220707","targetHints":{"allow":["GET"]}}],"collection":[{"href":"https:\/\/www.europesays.com\/pt\/wp-json\/wp\/v2\/posts"}],"about":[{"href":"https:\/\/www.europesays.com\/pt\/wp-json\/wp\/v2\/types\/post"}],"author":[{"embeddable":true,"href":"https:\/\/www.europesays.com\/pt\/wp-json\/wp\/v2\/users\/2"}],"replies":[{"embeddable":true,"href":"https:\/\/www.europesays.com\/pt\/wp-json\/wp\/v2\/comments?post=220707"}],"version-history":[{"count":0,"href":"https:\/\/www.europesays.com\/pt\/wp-json\/wp\/v2\/posts\/220707\/revisions"}],"wp:featuredmedia":[{"embeddable":true,"href":"https:\/\/www.europesays.com\/pt\/wp-json\/wp\/v2\/media\/220708"}],"wp:attachment":[{"href":"https:\/\/www.europesays.com\/pt\/wp-json\/wp\/v2\/media?parent=220707"}],"wp:term":[{"taxonomy":"category","embeddable":true,"href":"https:\/\/www.europesays.com\/pt\/wp-json\/wp\/v2\/categories?post=220707"},{"taxonomy":"post_tag","embeddable":true,"href":"https:\/\/www.europesays.com\/pt\/wp-json\/wp\/v2\/tags?post=220707"}],"curies":[{"name":"wp","href":"https:\/\/api.w.org\/{rel}","templated":true}]}}