{"id":220711,"date":"2026-01-08T15:24:09","date_gmt":"2026-01-08T15:24:09","guid":{"rendered":"https:\/\/www.europesays.com\/pt\/220711\/"},"modified":"2026-01-08T15:24:09","modified_gmt":"2026-01-08T15:24:09","slug":"norte-mantem-fundos-europeus-mas-alentejo-sofre-rombo-em-2028","status":"publish","type":"post","link":"https:\/\/www.europesays.com\/pt\/220711\/","title":{"rendered":"Norte mant\u00e9m fundos europeus mas Alentejo sofre rombo em 2028"},"content":{"rendered":"<p data-remotead-prev-elm=\"true\" data-remotead-elm-id=\"inread\">O Alentejo vai ser a \u00fanica regi\u00e3o portuguesa a perder verbas europeias dos fundos de coes\u00e3o ao abrigo da regra basilar que atribui mais dinheiro aos territ\u00f3rios pobres. Como o Produto Interno Bruto (PIB) per capita da regi\u00e3o alentejana aumentou, segundo os dados divulgados pelo Instituto Nacional de Estat\u00edstica (INE), a perda prevista para os fundos europeus de 2028 a 2034 \u00e9 de 700 milh\u00f5es de euros, mais de metade do que recebe agora.<\/p>\n","protected":false},"excerpt":{"rendered":"O Alentejo vai ser a \u00fanica regi\u00e3o portuguesa a perder verbas europeias dos fundos de coes\u00e3o ao abrigo&hellip;\n","protected":false},"author":2,"featured_media":220712,"comment_status":"","ping_status":"","sticky":false,"template":"","format":"standard","meta":{"footnotes":""},"categories":[10],"tags":[288,27,28,1834,15,16,1993,14,25,26,21,22,619,12,988,13,19,20,32,23,24,33,17,18,29,30,31],"class_list":{"0":"post-220711","1":"post","2":"type-post","3":"status-publish","4":"format-standard","5":"has-post-thumbnail","7":"category-portugal","8":"tag-alentejo","9":"tag-breaking-news","10":"tag-breakingnews","11":"tag-comissao-europeia","12":"tag-featured-news","13":"tag-featurednews","14":"tag-fundos-europeus","15":"tag-headlines","16":"tag-latest-news","17":"tag-latestnews","18":"tag-main-news","19":"tag-mainnews","20":"tag-nacional","21":"tag-news","22":"tag-norte","23":"tag-noticias","24":"tag-noticias-principais","25":"tag-noticiasprincipais","26":"tag-portugal","27":"tag-principais-noticias","28":"tag-principaisnoticias","29":"tag-pt","30":"tag-top-stories","31":"tag-topstories","32":"tag-ultimas","33":"tag-ultimas-noticias","34":"tag-ultimasnoticias"},"share_on_mastodon":{"url":"https:\/\/pubeurope.com\/@pt\/115860174476014620","error":""},"_links":{"self":[{"href":"https:\/\/www.europesays.com\/pt\/wp-json\/wp\/v2\/posts\/220711","targetHints":{"allow":["GET"]}}],"collection":[{"href":"https:\/\/www.europesays.com\/pt\/wp-json\/wp\/v2\/posts"}],"about":[{"href":"https:\/\/www.europesays.com\/pt\/wp-json\/wp\/v2\/types\/post"}],"author":[{"embeddable":true,"href":"https:\/\/www.europesays.com\/pt\/wp-json\/wp\/v2\/users\/2"}],"replies":[{"embeddable":true,"href":"https:\/\/www.europesays.com\/pt\/wp-json\/wp\/v2\/comments?post=220711"}],"version-history":[{"count":0,"href":"https:\/\/www.europesays.com\/pt\/wp-json\/wp\/v2\/posts\/220711\/revisions"}],"wp:featuredmedia":[{"embeddable":true,"href":"https:\/\/www.europesays.com\/pt\/wp-json\/wp\/v2\/media\/220712"}],"wp:attachment":[{"href":"https:\/\/www.europesays.com\/pt\/wp-json\/wp\/v2\/media?parent=220711"}],"wp:term":[{"taxonomy":"category","embeddable":true,"href":"https:\/\/www.europesays.com\/pt\/wp-json\/wp\/v2\/categories?post=220711"},{"taxonomy":"post_tag","embeddable":true,"href":"https:\/\/www.europesays.com\/pt\/wp-json\/wp\/v2\/tags?post=220711"}],"curies":[{"name":"wp","href":"https:\/\/api.w.org\/{rel}","templated":true}]}}