{"id":220713,"date":"2026-01-08T15:26:13","date_gmt":"2026-01-08T15:26:13","guid":{"rendered":"https:\/\/www.europesays.com\/pt\/220713\/"},"modified":"2026-01-08T15:26:13","modified_gmt":"2026-01-08T15:26:13","slug":"quem-e-o-ator-que-abandonou-o-filme-com-pedro-pascal-e-olivia-wilde-apos-se-sentir-sobrecarregado","status":"publish","type":"post","link":"https:\/\/www.europesays.com\/pt\/220713\/","title":{"rendered":"Quem \u00e9 o ator que abandonou o filme com Pedro Pascal e Olivia Wilde ap\u00f3s se sentir sobrecarregado"},"content":{"rendered":"\n<p class=\"content-text__container\" data-mrf-recirculation=\"Recomenda\u00e7\u00e3o meio do texto\" data-track-category=\"Link no Texto\" data-track-links=\"\">Com Pedro Pascal, Olivia Wilde e Mateus Lillard confirmados no elenco, o longa-metragem &#8220;acompanha a trajet\u00f3ria de um m\u00fasico de uma fam\u00edlia de m\u00fasicos que retorna a Los Angeles&#8221;, detalha o IMDb. O projeto servir\u00e1 como &#8220;uma declara\u00e7\u00e3o de amor \u00e0 m\u00fasica do cinema e \u00e0s pessoas que a criam&#8221;. Al\u00e9m de dirigir, Tony Gilroy tamb\u00e9m assina o roteiro e a produ\u00e7\u00e3o.<\/p>\n<p class=\"content-text__container\" data-mrf-recirculation=\"Recomenda\u00e7\u00e3o meio do texto\" data-track-category=\"Link no Texto\" data-track-links=\"\">Ao longo de sua carreira, David Harbour se abriu a respeito de sua jornada com a sa\u00fade mental. Ele foi diagnosticado com transtorno bipolar aos 26 anos, ap\u00f3s um epis\u00f3dio intenso. Em entrevista \u00e0\u00a0Variety\u00a0em 2022, ele afirmou que &#8220;quer um di\u00e1logo aberto sobre as condi\u00e7\u00f5es mentais&#8221;, j\u00e1 que o foco muitas vezes se concentra apenas na &#8220;trag\u00e9dia&#8221;.<\/p>\n<p class=\"content-text__container\" data-mrf-recirculation=\"Recomenda\u00e7\u00e3o meio do texto\" data-track-category=\"Link no Texto\" data-track-links=\"\">Vale lembrar que, em dezembro, o int\u00e9rprete de Jim Hopper desistiu de comparecer a um dos eventos em Nova York que marcaram o encerramento de &#8216;Stranger Things&#8217; ap\u00f3s cinco temporadas e nove anos no ar.<\/p>\n<p class=\"content-text__container\" data-mrf-recirculation=\"Recomenda\u00e7\u00e3o meio do texto\" data-track-category=\"Link no Texto\" data-track-links=\"\">Sua aus\u00eancia aconteceu logo depois de vir \u00e0 tona uma intera\u00e7\u00e3o bizarra do ator com um f\u00e3 em um bar na Calif\u00f3rnia. O\u00a0TMZ\u00a0revelou que o astro foi visto entrando em um pub e saindo pouco tempo depois com um bon\u00e9 na m\u00e3o, incentivando algu\u00e9m a &#8220;me pegar&#8221;. O cliente ent\u00e3o seguiu Harbour, perguntou &#8220;o que diabos eu te fiz?&#8221; e, por fim, recuperou seu chap\u00e9u e voltou ao bar.<\/p>\n<p class=\"content-text__container\" data-mrf-recirculation=\"Recomenda\u00e7\u00e3o meio do texto\" data-track-category=\"Link no Texto\" data-track-links=\"\">Uma testemunha tamb\u00e9m disse que o ator jogou o bon\u00e9 no ch\u00e3o e perguntou ao grupo de amigos do f\u00e3 sobre a Guerra do Iraque, depois come\u00e7ou a se emocionar antes de se ajoelhar para orar.\u00a0Veja mais detalhes aqui.<\/p>\n<p class=\"content-text__container\" data-mrf-recirculation=\"Recomenda\u00e7\u00e3o meio do texto\" data-track-category=\"Link no Texto\" data-track-links=\"\">Na ocasi\u00e3o, uma fonte pr\u00f3xima ao ator afirmou que a situa\u00e7\u00e3o pode ter tido rela\u00e7\u00e3o com o transtorno bipolar dele.<\/p>\n","protected":false},"excerpt":{"rendered":"Com Pedro Pascal, Olivia Wilde e Mateus Lillard confirmados no elenco, o longa-metragem &#8220;acompanha a trajet\u00f3ria de um&hellip;\n","protected":false},"author":2,"featured_media":220714,"comment_status":"","ping_status":"","sticky":false,"template":"","format":"standard","meta":{"footnotes":""},"categories":[145],"tags":[42722,8662,211,210,13295,114,115,471,42724,2634,16637,42721,3670,42725,1821,42723,4416,32,3654,33,10984,1030,1611,28442,9690,11919],"class_list":{"0":"post-220713","1":"post","2":"type-post","3":"status-publish","4":"format-standard","5":"has-post-thumbnail","7":"category-celebridades","8":"tag-behemoth","9":"tag-california","10":"tag-celebridades","11":"tag-celebrities","12":"tag-david-harbour","13":"tag-entertainment","14":"tag-entretenimento","15":"tag-filme","16":"tag-guerra-do-iraque","17":"tag-imdb","18":"tag-interacao","19":"tag-jim-hopper","20":"tag-los-angeles","21":"tag-mateus-lillard","22":"tag-nova-york","23":"tag-olivia-wilde","24":"tag-pedro-pascal","25":"tag-portugal","26":"tag-producao","27":"tag-pt","28":"tag-roteiro","29":"tag-saude-mental","30":"tag-stranger-things","31":"tag-tony-gilroy","32":"tag-transtorno-bipolar","33":"tag-variety"},"share_on_mastodon":{"url":"https:\/\/pubeurope.com\/@pt\/115860182338633244","error":""},"_links":{"self":[{"href":"https:\/\/www.europesays.com\/pt\/wp-json\/wp\/v2\/posts\/220713","targetHints":{"allow":["GET"]}}],"collection":[{"href":"https:\/\/www.europesays.com\/pt\/wp-json\/wp\/v2\/posts"}],"about":[{"href":"https:\/\/www.europesays.com\/pt\/wp-json\/wp\/v2\/types\/post"}],"author":[{"embeddable":true,"href":"https:\/\/www.europesays.com\/pt\/wp-json\/wp\/v2\/users\/2"}],"replies":[{"embeddable":true,"href":"https:\/\/www.europesays.com\/pt\/wp-json\/wp\/v2\/comments?post=220713"}],"version-history":[{"count":0,"href":"https:\/\/www.europesays.com\/pt\/wp-json\/wp\/v2\/posts\/220713\/revisions"}],"wp:featuredmedia":[{"embeddable":true,"href":"https:\/\/www.europesays.com\/pt\/wp-json\/wp\/v2\/media\/220714"}],"wp:attachment":[{"href":"https:\/\/www.europesays.com\/pt\/wp-json\/wp\/v2\/media?parent=220713"}],"wp:term":[{"taxonomy":"category","embeddable":true,"href":"https:\/\/www.europesays.com\/pt\/wp-json\/wp\/v2\/categories?post=220713"},{"taxonomy":"post_tag","embeddable":true,"href":"https:\/\/www.europesays.com\/pt\/wp-json\/wp\/v2\/tags?post=220713"}],"curies":[{"name":"wp","href":"https:\/\/api.w.org\/{rel}","templated":true}]}}