{"id":220721,"date":"2026-01-08T15:33:08","date_gmt":"2026-01-08T15:33:08","guid":{"rendered":"https:\/\/www.europesays.com\/pt\/220721\/"},"modified":"2026-01-08T15:33:08","modified_gmt":"2026-01-08T15:33:08","slug":"prefeitura-municipal-de-macae-28","status":"publish","type":"post","link":"https:\/\/www.europesays.com\/pt\/220721\/","title":{"rendered":"Prefeitura Municipal de Maca\u00e9"},"content":{"rendered":"<p>\n                A Prefeitura de Maca\u00e9, por meio da Ger\u00eancia de Vigil\u00e2ncia Ambiental em Sa\u00fade, realiza no pr\u00f3ximo s\u00e1bado (10), a primeira edi\u00e7\u00e3o de 2026 do Cevas Itinerante. A a\u00e7\u00e3o acontece das 9h \u00e0s 13h, na pra\u00e7a principal do bairro Parque Aeroporto, com uma s\u00e9rie de atividades voltadas \u00e0 promo\u00e7\u00e3o da sa\u00fade e \u00e0 preven\u00e7\u00e3o de riscos ambientais.            <\/p>\n<p>\n                O Cevas Itinerante tem como objetivo aproximar os servi\u00e7os de vigil\u00e2ncia ambiental da popula\u00e7\u00e3o, refor\u00e7ando o cuidado com a sa\u00fade coletiva e o meio ambiente. Durante a a\u00e7\u00e3o, equipes especializadas ir\u00e3o realizar visitas domiciliares, a\u00e7\u00f5es com UBV costal (fumac\u00ea), combate a roedores, al\u00e9m de atividades de educa\u00e7\u00e3o em sa\u00fade.<\/p>\n<p>Tamb\u00e9m ser\u00e1 feita a entrega de material informativo, com orienta\u00e7\u00f5es importantes sobre preven\u00e7\u00e3o de doen\u00e7as, cuidados com o ambiente domiciliar e pr\u00e1ticas que ajudam a reduzir a prolifera\u00e7\u00e3o de vetores, como mosquitos e roedores.<\/p>\n<p>O supervisor geral da Ger\u00eancia de Vigil\u00e2ncia Ambiental, Marcelino Rocha, destaca a import\u00e2ncia da contribui\u00e7\u00e3o dos moradores. \u201cCom a chegada do ver\u00e3o, precisamos redobrar a aten\u00e7\u00e3o. O aumento das chuvas aliado \u00e0s altas temperaturas cria o cen\u00e1rio ideal para a prolifera\u00e7\u00e3o dos mosquitos transmissores de arboviroses, como dengue, zika e chikungunya\u201d.<\/p>\n<p>A popula\u00e7\u00e3o pode participar ao separar cerca de 10 minutos por semana para cuidar do seu espa\u00e7o, verificar se h\u00e1 pneus velhos acumulando \u00e1gua, realizar  o descarte correto ou mant\u00ea-los virados para baixo. Nos vasos de plantas, a recomenda\u00e7\u00e3o \u00e9 trocar a \u00e1gua e fazer a limpeza regularmente. Al\u00e9m disso, outra orienta\u00e7\u00e3o \u00e9 manter as caixas d\u2019\u00e1gua sempre bem fechadas.<\/p>\n<p>\u201cS\u00e3o atitudes simples, mas que fazem uma grande diferen\u00e7a. Cada morador tem um papel fundamental na preven\u00e7\u00e3o. Com pequenas a\u00e7\u00f5es, protegemos nossa casa, nossa fam\u00edlia e toda a comunidade\u201d, acrescenta Marcelino.<\/p>\n<p>A iniciativa integra o calend\u00e1rio de a\u00e7\u00f5es preventivas do munic\u00edpio e refor\u00e7a o compromisso da administra\u00e7\u00e3o municipal com a sa\u00fade p\u00fablica, especialmente em per\u00edodos de maior aten\u00e7\u00e3o \u00e0s doen\u00e7as transmitidas por vetores.            <\/p>\n","protected":false},"excerpt":{"rendered":"A Prefeitura de Maca\u00e9, por meio da Ger\u00eancia de Vigil\u00e2ncia Ambiental em Sa\u00fade, realiza no pr\u00f3ximo s\u00e1bado (10),&hellip;\n","protected":false},"author":2,"featured_media":220722,"comment_status":"","ping_status":"","sticky":false,"template":"","format":"standard","meta":{"footnotes":""},"categories":[86],"tags":[116,32,33,117],"class_list":{"0":"post-220721","1":"post","2":"type-post","3":"status-publish","4":"format-standard","5":"has-post-thumbnail","7":"category-saude","8":"tag-health","9":"tag-portugal","10":"tag-pt","11":"tag-saude"},"share_on_mastodon":{"url":"https:\/\/pubeurope.com\/@pt\/115860209987007377","error":""},"_links":{"self":[{"href":"https:\/\/www.europesays.com\/pt\/wp-json\/wp\/v2\/posts\/220721","targetHints":{"allow":["GET"]}}],"collection":[{"href":"https:\/\/www.europesays.com\/pt\/wp-json\/wp\/v2\/posts"}],"about":[{"href":"https:\/\/www.europesays.com\/pt\/wp-json\/wp\/v2\/types\/post"}],"author":[{"embeddable":true,"href":"https:\/\/www.europesays.com\/pt\/wp-json\/wp\/v2\/users\/2"}],"replies":[{"embeddable":true,"href":"https:\/\/www.europesays.com\/pt\/wp-json\/wp\/v2\/comments?post=220721"}],"version-history":[{"count":0,"href":"https:\/\/www.europesays.com\/pt\/wp-json\/wp\/v2\/posts\/220721\/revisions"}],"wp:featuredmedia":[{"embeddable":true,"href":"https:\/\/www.europesays.com\/pt\/wp-json\/wp\/v2\/media\/220722"}],"wp:attachment":[{"href":"https:\/\/www.europesays.com\/pt\/wp-json\/wp\/v2\/media?parent=220721"}],"wp:term":[{"taxonomy":"category","embeddable":true,"href":"https:\/\/www.europesays.com\/pt\/wp-json\/wp\/v2\/categories?post=220721"},{"taxonomy":"post_tag","embeddable":true,"href":"https:\/\/www.europesays.com\/pt\/wp-json\/wp\/v2\/tags?post=220721"}],"curies":[{"name":"wp","href":"https:\/\/api.w.org\/{rel}","templated":true}]}}