{"id":220740,"date":"2026-01-08T15:48:14","date_gmt":"2026-01-08T15:48:14","guid":{"rendered":"https:\/\/www.europesays.com\/pt\/220740\/"},"modified":"2026-01-08T15:48:14","modified_gmt":"2026-01-08T15:48:14","slug":"nevoa-mental-o-que-e-e-como-tratar-o-brain-fog","status":"publish","type":"post","link":"https:\/\/www.europesays.com\/pt\/220740\/","title":{"rendered":"N\u00e9voa mental: o que \u00e9 e como tratar o \u201cbrain fog\u201d"},"content":{"rendered":"<p>\n                Ler Resumo<\/p>\n<ul class=\"resume-list\" id=\"resume-list\" aria-hidden=\"true\">\n<li class=\"section-item section-intro\">\n<p>Introdu\u00e7\u00e3o<\/p>\n<p>A n\u00e9voa mental, ou brain fog, descreve dificuldades cognitivas como falta de concentra\u00e7\u00e3o, lapsos de mem\u00f3ria e lentid\u00e3o de racioc\u00ednio. Embora tenha ganhado destaque na pandemia de covid-19, n\u00e3o se limita ao v\u00edrus e pode estar ligada \u00e0 exaust\u00e3o f\u00edsica ou mental, exigindo investiga\u00e7\u00e3o quando persiste.<\/p>\n<\/li>\n<li class=\"section-item section-topicos\">\n<ul>\n<li>A \u201cn\u00e9voa mental\u201d \u00e9 um termo que designa sintomas como confus\u00e3o, esquecimento e dificuldade de foco;<\/li>\n<li>Covid-19 pode causar o problema, mas n\u00e3o \u00e9 a \u00fanica respons\u00e1vel;<\/li>\n<li>Os sintomas podem ser confundidos com cansa\u00e7o comum, especialmente no in\u00edcio;<\/li>\n<li>O alerta acende quando as dificuldades cognitivas persistem apesar do repouso;<\/li>\n<li>O tratamento varia conforme a causa e pode incluir desde mudan\u00e7as de h\u00e1bitos at\u00e9 terapias e medicamentos;<\/li>\n<\/ul>\n<\/li>\n<li class=\"section-item section-info\">\n<p style=\"margin: 0;\">Este resumo foi \u00fatil?<\/p>\n<p>\n                            \ud83d\udc4d<br \/>\ud83d\udc4e\n                        <\/p>\n<p>                    Resumo gerado por ferramenta de IA treinada pela reda\u00e7\u00e3o da Editora Abril.\n                <\/p>\n<\/li>\n<\/ul>\n<p>A <strong>n\u00e9voa mental<\/strong>, tamb\u00e9m conhecida pela express\u00e3o em ingl\u00eas <strong>brain fog<\/strong>, foi um problema que ganhou bastante repercuss\u00e3o durante a pandemia: muitas pessoas relatavam consequ\u00eancias negativas na capacidade de concentra\u00e7\u00e3o e mem\u00f3ria relacionada \u00e0 infec\u00e7\u00e3o por covid-19.<\/p>\n<p>Mas, passados seis anos do auge da crise sanit\u00e1ria, o problema n\u00e3o foi embora \u2013 porque, na realidade, nunca dependeu apenas do v\u00edrus. Entenda melhor o que realmente \u00e9 a n\u00e9voa mental, como saber que voc\u00ea est\u00e1 sofrendo com ela e o que pode ser feito para minimiz\u00e1-la.<\/p>\n<p>Causas da n\u00e9voa mental<\/p>\n<p>De modo geral, \u201cn\u00e9voa mental\u201d \u00e9 uma express\u00e3o que se refere genericamente a <strong>impactos cognitivos diversos<\/strong>, com os sinais mais caracter\u00edsticos sendo a dificuldade de se concentrar e uma propens\u00e3o maior a epis\u00f3dios de confus\u00e3o ou esquecimentos.<\/p>\n<p>Doen\u00e7as que deixam o corpo e a mente em uma situa\u00e7\u00e3o de exaust\u00e3o contribuem para o brain fog, e por isso infec\u00e7\u00f5es como a covid-19 est\u00e3o por tr\u00e1s do problema. Mas est\u00e3o longe de ser a \u00fanica causa: a n\u00e9voa tamb\u00e9m \u00e9 comum, por exemplo, em pacientes que fazem quimioterapia, quando tamb\u00e9m recebe o apelido de<strong> chemobrain (\u201cc\u00e9rebro quimioter\u00e1pico\u201d).<\/strong><\/p>\n<p>Outras situa\u00e7\u00f5es que podem provocar esses sintomas cognitivos incluem:<\/p>\n<p>    Continua ap\u00f3s a publicidade<\/p>\n<ul>\n<li>Priva\u00e7\u00e3o de sono<\/li>\n<li>Estresse<\/li>\n<li><a href=\"https:\/\/saude.abril.com.br\/mente-saudavel\/entenda-a-relacao-entre-saude-mental-e-doencas-autoimunes\/\" rel=\"nofollow noopener\" target=\"_blank\"><strong>Doen\u00e7as autoimunes<\/strong><\/a><\/li>\n<li>D\u00e9ficits nutricionais<\/li>\n<li>Altera\u00e7\u00f5es hormonais, como aquelas que ocorrem na gravidez<\/li>\n<\/ul>\n<p>Como identificar os sintomas<\/p>\n<p>Como a n\u00e9voa mental costuma estar relacionada a situa\u00e7\u00f5es de exaust\u00e3o, sejam elas causadas por doen\u00e7as ou tratamentos de sa\u00fade, \u00e9 comum que ela seja inicialmente <strong>confundida com um simples cansa\u00e7o<\/strong>, especialmente se a causa subjacente n\u00e3o for \u00f3bvia.<\/p>\n<p>Fique atento a <strong>sintomas que v\u00e3o al\u00e9m da fadiga em si<\/strong>, como a dificuldade de lembrar de determinadas palavras, a incapacidade de focar em um determinado pensamento ou mesmo a sensa\u00e7\u00e3o de que voc\u00ea est\u00e1 demorando mais para pensar ou reagir a situa\u00e7\u00f5es que antes ocorriam naturalmente.<\/p>\n<p>    Continua ap\u00f3s a publicidade<\/p>\n<p>Acenda o alerta, especialmente, se os sintomas persistirem mesmo ap\u00f3s um bom per\u00edodo de repouso, indicando que h\u00e1 uma causa al\u00e9m do cansa\u00e7o.<\/p>\n<p>Caso as altera\u00e7\u00f5es cognitivas sigam presentes de forma prolongada, e especialmente se est\u00e3o <strong>afetando seu dia a dia ou seu desempenho no trabalho e\/ou estudos<\/strong>, procure ajuda m\u00e9dica. Relate qualquer problema de sa\u00fade que voc\u00ea teve recentemente e poderia ajudar a explicar os sintomas. O profissional poder\u00e1 tamb\u00e9m solicitar exames complementares para tentar entender poss\u00edveis causas para o brain fog.<\/p>\n<p>Qual o tratamento?<\/p>\n<p>O tratamento da n\u00e9voa mental<strong> depende diretamente da causa de fundo<\/strong> que tenha sido identificada.<\/p>\n<p>    Continua ap\u00f3s a publicidade<\/p>\n<p>Em geral, \u00e9 preciso tratar ou interromper a causa subjacente. Por exemplo: se o problema tiver rela\u00e7\u00e3o com a covid-19, superar a infec\u00e7\u00e3o pode solucionar o brain fog (embora ela possa persistir em casos de <a href=\"https:\/\/saude.abril.com.br\/medicina\/o-que-e-covid-longa-estudo-mostra-como-condicao-atua-no-organismo\/\" rel=\"nofollow noopener\" target=\"_blank\">covid longa<\/a>); se for causado por priva\u00e7\u00e3o de sono, t\u00e9cnicas e rem\u00e9dios para dormir melhor podem ajudar; j\u00e1 se a n\u00e9voa tem rela\u00e7\u00e3o com a quimioterapia, o fim dos ciclos de tratamento costuma fazer os sintomas desaparecerem.<\/p>\n<p>Em algumas situa\u00e7\u00f5es em que a n\u00e9voa mental se mostra persistente mesmo com as eventuais causas de fundo sanadas, pode ser necess\u00e1rio recorrer a <strong>m\u00e9todos complementares<\/strong>, como a terapia cognitivo-comportamental ou o uso de determinados medicamentos. A melhor t\u00e9cnica, por\u00e9m, depende das caracter\u00edsticas individuais de cada caso, e da resposta da pessoa \u00e0s abordagens j\u00e1 testadas em sua situa\u00e7\u00e3o.<\/p>\n<p>Compartilhe essa mat\u00e9ria via:<\/p>\n","protected":false},"excerpt":{"rendered":"Ler Resumo Introdu\u00e7\u00e3o A n\u00e9voa mental, ou brain fog, descreve dificuldades cognitivas como falta de concentra\u00e7\u00e3o, lapsos de&hellip;\n","protected":false},"author":2,"featured_media":220741,"comment_status":"","ping_status":"","sticky":false,"template":"","format":"standard","meta":{"footnotes":""},"categories":[86],"tags":[116,32,33,117],"class_list":{"0":"post-220740","1":"post","2":"type-post","3":"status-publish","4":"format-standard","5":"has-post-thumbnail","7":"category-saude","8":"tag-health","9":"tag-portugal","10":"tag-pt","11":"tag-saude"},"share_on_mastodon":{"url":"https:\/\/pubeurope.com\/@pt\/115860268949156401","error":""},"_links":{"self":[{"href":"https:\/\/www.europesays.com\/pt\/wp-json\/wp\/v2\/posts\/220740","targetHints":{"allow":["GET"]}}],"collection":[{"href":"https:\/\/www.europesays.com\/pt\/wp-json\/wp\/v2\/posts"}],"about":[{"href":"https:\/\/www.europesays.com\/pt\/wp-json\/wp\/v2\/types\/post"}],"author":[{"embeddable":true,"href":"https:\/\/www.europesays.com\/pt\/wp-json\/wp\/v2\/users\/2"}],"replies":[{"embeddable":true,"href":"https:\/\/www.europesays.com\/pt\/wp-json\/wp\/v2\/comments?post=220740"}],"version-history":[{"count":0,"href":"https:\/\/www.europesays.com\/pt\/wp-json\/wp\/v2\/posts\/220740\/revisions"}],"wp:featuredmedia":[{"embeddable":true,"href":"https:\/\/www.europesays.com\/pt\/wp-json\/wp\/v2\/media\/220741"}],"wp:attachment":[{"href":"https:\/\/www.europesays.com\/pt\/wp-json\/wp\/v2\/media?parent=220740"}],"wp:term":[{"taxonomy":"category","embeddable":true,"href":"https:\/\/www.europesays.com\/pt\/wp-json\/wp\/v2\/categories?post=220740"},{"taxonomy":"post_tag","embeddable":true,"href":"https:\/\/www.europesays.com\/pt\/wp-json\/wp\/v2\/tags?post=220740"}],"curies":[{"name":"wp","href":"https:\/\/api.w.org\/{rel}","templated":true}]}}