{"id":220742,"date":"2026-01-08T15:49:10","date_gmt":"2026-01-08T15:49:10","guid":{"rendered":"https:\/\/www.europesays.com\/pt\/220742\/"},"modified":"2026-01-08T15:49:10","modified_gmt":"2026-01-08T15:49:10","slug":"o-divorcio-e-o-novo-botox-wellness","status":"publish","type":"post","link":"https:\/\/www.europesays.com\/pt\/220742\/","title":{"rendered":"O div\u00f3rcio \u00e9 o novo botox? &#8211; Wellness"},"content":{"rendered":"<p class=\"\">&#13;<br \/>\n        No in\u00edcio, Marta, navegou pelo territ\u00f3rio cl\u00e1ssico do p\u00f3s-div\u00f3rcio: jantou<b>\u00a0pizza\u00a0\u00e0s tr\u00eas da manh\u00e3<\/b>, comprou\u00a0saltos\u00a0que\u00a0fariam\u00a0o ex-marido\u00a0ser o mais baixo\u00a0da sala, fez maratonas de s\u00e9ries sobre solteirice e leu livros\u00a0de\u00a0amor-pr\u00f3prio at\u00e9 adormecer no sof\u00e1. \u201cSim, \u00e9\u00a0clich\u00e9, mas tamb\u00e9m \u00e9 terap\u00eautico\u201d,\u00a0ri-se. Entre um chocolate e outro, percebeu que a liberdade tinha o sabor da escolha: podia rir sozinha, chorar sozinha, e,\u00a0sim, dan\u00e7ar no meio da sala s\u00f3 porque sim. Era a pequena vingan\u00e7a contra anos de concess\u00f5es\u00a0\u2013\u00a0e, claro, contra o vestido que ele dizia que \u201cn\u00e3o a favorecia\u201d.\u00a0&#13;\n    <\/p>\n<p class=\"\">&#13;<br \/>\n        Foi nesse ritmo que Marta come\u00e7ou a redescobrir a sua autonomia\u00a0\u2013\u00a0mas a transforma\u00e7\u00e3o real veio quando decidiu voltar a estudar. Aos 38 anos, matriculou-se num curso de Design de Interiores. O primeiro semestre foi um misto de medo e excita\u00e7\u00e3o, e tamb\u00e9m de olhares reprovadores da fam\u00edlia: \u201cEst\u00e1s a desperdi\u00e7ar o teu tempo!\u201d, ouviu mais do que uma vez. Entre trabalhos e apresenta\u00e7\u00f5es, percebeu rapidamente que estava a construir algo s\u00f3 seu. Ali, encontrou n\u00e3o s\u00f3 conhecimento, mas uma<b> nova vers\u00e3o<\/b> de si mesma: confiante, curiosa e\u00a0at\u00e9\u00a0mais magra.\u00a0&#13;\n    <\/p>\n<p>&#13;<br \/>\n    &#13;<\/p>\n<p class=\"\">&#13;<br \/>\n        Para completar a revolu\u00e7\u00e3o, fez amigos\u00a0na faculdade, daqueles que\u00a0nos fazem sentir mais novas por\u00a0se entusiasmarem\u00a0com qualquer descoberta. O\u00a0seu\u00a0glow-up\u00a0n\u00e3o se limitou \u00e0 apar\u00eancia, mas surgiu do<b> fortalecimento interno<\/b>. Cada aula, cada\u00a0ideia, cada pequena conquista acad\u00e9mica,\u00a0era uma celebra\u00e7\u00e3o da sua autonomia rec\u00e9m-descoberta.\u00a0Foi como nascer outra vez (o que talvez explique a\u00a0sua\u00a0pele de beb\u00e9).\u00a0\u201cA Marta de antes, que se perdia nos outros, deu lugar a uma mulher que aprendeu a priorizar o pr\u00f3prio prazer, a pr\u00f3pria voz e, acima de tudo, a pr\u00f3pria identidade.\u201d\u00a0&#13;\n    <\/p>\n<p>    &#13;<br \/>\n        &#13;<br \/>\n            &#13;<br \/>\n        &#13;<br \/>\n        &#13;<br \/>\n            &#13;<br \/>\n                    <a title=\"\" href=\"https:\/\/www.maxima.pt\/atual\/detalhe\/solteira-sem-filhos-e-com-um-namorado-15-anos-mais-novo-o-perfil-de-delcy-rodriguez\" rel=\"nofollow noopener\" target=\"_blank\">&#13;<br \/>\n                        <img decoding=\"async\" src=\"https:\/\/www.europesays.com\/pt\/wp-content\/uploads\/2026\/01\/img_552x364uu2026-01-05-13-25-41-468340.jpg\" alt=\"Noticia Seguinte\"\/>&#13;<br \/>\n                    <\/a>&#13;<br \/>\n            &#13;<br \/>\n            &#13;<br \/>\n        &#13;<\/p>\n","protected":false},"excerpt":{"rendered":"&#13; No in\u00edcio, Marta, navegou pelo territ\u00f3rio cl\u00e1ssico do p\u00f3s-div\u00f3rcio: jantou\u00a0pizza\u00a0\u00e0s tr\u00eas da manh\u00e3, comprou\u00a0saltos\u00a0que\u00a0fariam\u00a0o ex-marido\u00a0ser o mais&hellip;\n","protected":false},"author":2,"featured_media":220743,"comment_status":"","ping_status":"","sticky":false,"template":"","format":"standard","meta":{"footnotes":""},"categories":[85],"tags":[3144,1979,114,115,14069,32,33,42729],"class_list":{"0":"post-220742","1":"post","2":"type-post","3":"status-publish","4":"format-standard","5":"has-post-thumbnail","7":"category-entretenimento","8":"tag-danca","9":"tag-divorcio","10":"tag-entertainment","11":"tag-entretenimento","12":"tag-maratona","13":"tag-portugal","14":"tag-pt","15":"tag-revolucoes"},"share_on_mastodon":{"url":"https:\/\/pubeurope.com\/@pt\/115860272829425097","error":""},"_links":{"self":[{"href":"https:\/\/www.europesays.com\/pt\/wp-json\/wp\/v2\/posts\/220742","targetHints":{"allow":["GET"]}}],"collection":[{"href":"https:\/\/www.europesays.com\/pt\/wp-json\/wp\/v2\/posts"}],"about":[{"href":"https:\/\/www.europesays.com\/pt\/wp-json\/wp\/v2\/types\/post"}],"author":[{"embeddable":true,"href":"https:\/\/www.europesays.com\/pt\/wp-json\/wp\/v2\/users\/2"}],"replies":[{"embeddable":true,"href":"https:\/\/www.europesays.com\/pt\/wp-json\/wp\/v2\/comments?post=220742"}],"version-history":[{"count":0,"href":"https:\/\/www.europesays.com\/pt\/wp-json\/wp\/v2\/posts\/220742\/revisions"}],"wp:featuredmedia":[{"embeddable":true,"href":"https:\/\/www.europesays.com\/pt\/wp-json\/wp\/v2\/media\/220743"}],"wp:attachment":[{"href":"https:\/\/www.europesays.com\/pt\/wp-json\/wp\/v2\/media?parent=220742"}],"wp:term":[{"taxonomy":"category","embeddable":true,"href":"https:\/\/www.europesays.com\/pt\/wp-json\/wp\/v2\/categories?post=220742"},{"taxonomy":"post_tag","embeddable":true,"href":"https:\/\/www.europesays.com\/pt\/wp-json\/wp\/v2\/tags?post=220742"}],"curies":[{"name":"wp","href":"https:\/\/api.w.org\/{rel}","templated":true}]}}