{"id":220750,"date":"2026-01-08T15:54:08","date_gmt":"2026-01-08T15:54:08","guid":{"rendered":"https:\/\/www.europesays.com\/pt\/220750\/"},"modified":"2026-01-08T15:54:08","modified_gmt":"2026-01-08T15:54:08","slug":"o-papa-e-os-cardeais-nos-dias-7-e-8-de-janeiro-os-trabalhos-do-consistorio-extraordinario","status":"publish","type":"post","link":"https:\/\/www.europesays.com\/pt\/220750\/","title":{"rendered":"O Papa e os cardeais, nos dias 7 e 8 de janeiro, os trabalhos do Consist\u00f3rio extraordin\u00e1rio"},"content":{"rendered":"<p>Est\u00e3o previstas tr\u00eas sess\u00f5es a partir desta quarta-feira \u00e0 tarde at\u00e9 quinta-feira, dia em que, pela manh\u00e3, \u00e0s 7h30, o Pont\u00edfice concelebrar\u00e1 uma missa com os cardeais presentes no Altar da C\u00e1tedra de S\u00e3o Pedro.&#13;<br \/>\n&#13;\n<\/p>\n<p style=\"text-align: justify;\"><b>Vatican News<\/b><\/p>\n<p style=\"text-align: justify;\">A Evangelii Gaudium e a miss\u00e3o da Igreja, a constitui\u00e7\u00e3o apost\u00f3lica Praedicate Evangelium, o papel da C\u00faria e sua rela\u00e7\u00e3o com as Igrejas particulares, a sinodalidade, a liturgia. Esses ser\u00e3o os temas centrais dos trabalhos do Consist\u00f3rio extraordin\u00e1rio convocado pelo Papa Le\u00e3o XIV, o primeiro de seu pontificado, que se realizar\u00e3o nesta quarta-feira, 7, e depois, na quinta-feira, 8 de janeiro. Dois dias de ora\u00e7\u00e3o, partilha e reflex\u00e3o, sob o signo da fraternidade e da comunh\u00e3o, que o Papa viver\u00e1 com os membros do Col\u00e9gio Cardinal\u00edcio, muitos dos quais participaram na manh\u00e3 desta ter\u00e7a-feira na cerim\u00f4nia de encerramento da Porta Santa e na Missa da Epifania.\u00a0<\/p>\n<p style=\"text-align: justify;\">O encontro ter\u00e1 como objetivo \u201cpromover um discernimento comum e oferecer apoio e conselho ao Santo Padre no exerc\u00edcio de sua alta e pesada responsabilidade no governo da Igreja universal\u201d.<\/p>\n<p>      <a href=\"https:\/\/www.vaticannews.va\/pt\/papa\/news\/2025-12\/papa-leao-xiv-convoca-primeiro-consistorio-do-pontificado.html\" title=\"Papa convoca primeiro Consist\u00f3rio extraordin\u00e1rio do seu pontificado\" rel=\"nofollow noopener\" target=\"_blank\"><\/p>\n<p>         <img decoding=\"async\" src=\"data:image\/gif;base64,R0lGODlhAQABAIAAAAAAAP\/\/\/yH5BAEAAAAALAAAAAABAAEAAAIBRAA7\" data-original=\"https:\/\/www.vaticannews.va\/content\/dam\/vaticannews\/agenzie\/images\/srv\/2025\/06\/13\/2025-06-13-concistoro-ordinario-pubblico-per-il-voto-su-alcune-c\/1749800546583.JPG\/_jcr_content\/renditions\/cq5dam.thumbnail.cropped.500.281.jpeg\" alt=\"Papa convoca primeiro Consist\u00f3rio extraordin\u00e1rio do seu pontificado\"\/><\/p>\n<p>       <\/a><\/p>\n<p>\n       Sala de Imprensa da Santa S\u00e9 publicou um comunicado este s\u00e1bado, 20 de dezembro, acerca do Consist\u00f3rio que se realizar\u00e1 no Vaticano nos dias 7 e 8 de janeiro de 2026.\n      <\/p>\n<p style=\"text-align: justify;\">Mais especificamente, o Consist\u00f3rio ter\u00e1 in\u00edcio na tarde desta quarta-feira, \u00e0s 16h, na Sala do S\u00ednodo, no Vaticano. Os trabalhos ser\u00e3o realizados a portas fechadas e contar\u00e3o com a presen\u00e7a do Papa. Na quinta-feira, 8 de janeiro, o Papa concelebrar\u00e1 com os cardeais uma Missa no Altar da C\u00e1tedra da Bas\u00edlica do Vaticano. \u00c0s 9h30, haver\u00e1 a sess\u00e3o matinal at\u00e9 \u00e0s 12h45, novamente na Sala do S\u00ednodo. O Pont\u00edfice e os cardeais se reunir\u00e3o novamente \u00e0 tarde, das 15h15 \u00e0s 19h, para a conclus\u00e3o dos dois dias de encontros.<\/p>\n<p>\u00a0<\/p>\n","protected":false},"excerpt":{"rendered":"Est\u00e3o previstas tr\u00eas sess\u00f5es a partir desta quarta-feira \u00e0 tarde at\u00e9 quinta-feira, dia em que, pela manh\u00e3, \u00e0s&hellip;\n","protected":false},"author":2,"featured_media":220751,"comment_status":"","ping_status":"","sticky":false,"template":"","format":"standard","meta":{"footnotes":""},"categories":[8],"tags":[27,28,42592,15,16,14,545,25,26,21,22,12,13,19,20,811,32,23,24,33,17,18,29,30,31],"class_list":{"0":"post-220750","1":"post","2":"type-post","3":"status-publish","4":"format-standard","5":"has-post-thumbnail","7":"category-principais-noticias","8":"tag-breaking-news","9":"tag-breakingnews","10":"tag-consistorio","11":"tag-featured-news","12":"tag-featurednews","13":"tag-headlines","14":"tag-igreja-catolica","15":"tag-latest-news","16":"tag-latestnews","17":"tag-main-news","18":"tag-mainnews","19":"tag-news","20":"tag-noticias","21":"tag-noticias-principais","22":"tag-noticiasprincipais","23":"tag-papa-leao-xiv","24":"tag-portugal","25":"tag-principais-noticias","26":"tag-principaisnoticias","27":"tag-pt","28":"tag-top-stories","29":"tag-topstories","30":"tag-ultimas","31":"tag-ultimas-noticias","32":"tag-ultimasnoticias"},"share_on_mastodon":{"url":"https:\/\/pubeurope.com\/@pt\/115860292742415960","error":""},"_links":{"self":[{"href":"https:\/\/www.europesays.com\/pt\/wp-json\/wp\/v2\/posts\/220750","targetHints":{"allow":["GET"]}}],"collection":[{"href":"https:\/\/www.europesays.com\/pt\/wp-json\/wp\/v2\/posts"}],"about":[{"href":"https:\/\/www.europesays.com\/pt\/wp-json\/wp\/v2\/types\/post"}],"author":[{"embeddable":true,"href":"https:\/\/www.europesays.com\/pt\/wp-json\/wp\/v2\/users\/2"}],"replies":[{"embeddable":true,"href":"https:\/\/www.europesays.com\/pt\/wp-json\/wp\/v2\/comments?post=220750"}],"version-history":[{"count":0,"href":"https:\/\/www.europesays.com\/pt\/wp-json\/wp\/v2\/posts\/220750\/revisions"}],"wp:featuredmedia":[{"embeddable":true,"href":"https:\/\/www.europesays.com\/pt\/wp-json\/wp\/v2\/media\/220751"}],"wp:attachment":[{"href":"https:\/\/www.europesays.com\/pt\/wp-json\/wp\/v2\/media?parent=220750"}],"wp:term":[{"taxonomy":"category","embeddable":true,"href":"https:\/\/www.europesays.com\/pt\/wp-json\/wp\/v2\/categories?post=220750"},{"taxonomy":"post_tag","embeddable":true,"href":"https:\/\/www.europesays.com\/pt\/wp-json\/wp\/v2\/tags?post=220750"}],"curies":[{"name":"wp","href":"https:\/\/api.w.org\/{rel}","templated":true}]}}