{"id":220760,"date":"2026-01-08T16:02:11","date_gmt":"2026-01-08T16:02:11","guid":{"rendered":"https:\/\/www.europesays.com\/pt\/220760\/"},"modified":"2026-01-08T16:02:11","modified_gmt":"2026-01-08T16:02:11","slug":"atum-milho-e-sardinha-alimentos-enlatados-fazem-mal","status":"publish","type":"post","link":"https:\/\/www.europesays.com\/pt\/220760\/","title":{"rendered":"Atum, milho e sardinha: alimentos enlatados fazem mal?"},"content":{"rendered":"<p class=\"my-5 break-words group-[.isActiveSource]:text-xl\">Diante de uma rotina corrida e pouco tempo livre para cozinhar, alimentos enlatados, como atum, sardinha, milho, ervilha, entre outros, surgem como uma alternativa r\u00e1pida para refei\u00e7\u00f5es. Mas ser\u00e1 que eles realmente s\u00e3o saud\u00e1veis? Ou eles tamb\u00e9m s\u00e3o cheios de conservantes que podem fazer mal \u00e0 sa\u00fade?<\/p>\n<p class=\"my-5 break-words group-[.isActiveSource]:text-xl\">A resposta para essas d\u00favidas \u00e9: depende. De acordo com Regina Bassini Ramalho, nutricionista do Hospital Santa Marcelina, os ingredientes utilizados para conserva\u00e7\u00e3o dos alimentos enlatados, como conservantes e aditivos, podem conter subst\u00e2ncias que n\u00e3o fazem bem ao organismo, al\u00e9m de gerarem perda de textura e sabor.<\/p>\n<p class=\"my-5 break-words group-[.isActiveSource]:text-xl\">No entanto, existem op\u00e7\u00f5es de enlatados com menor teor de s\u00f3dio e que s\u00e3o cozidos no vapor, aumentando seus benef\u00edcios.<\/p>\n<p class=\"my-5 break-words group-[.isActiveSource]:text-xl\">&#8220;Vale lembrar que os enlatados n\u00e3o s\u00e3o vil\u00f5es, mas tamb\u00e9m n\u00e3o devem ser consumidos em excesso. Quando escolhidos com aten\u00e7\u00e3o e consumidos com modera\u00e7\u00e3o, podem ser pr\u00e1ticos e seguros dentro de uma alimenta\u00e7\u00e3o equilibrada&#8221;, afirma Ramalho \u00e0 <strong class=\"group-[.isActiveSource]:text-xl group-[.isActiveSource]:font-bold\">CNN Brasil<\/strong>.<\/p>\n<p class=\"my-5 break-words group-[.isActiveSource]:text-xl\">Al\u00e9m disso, de acordo com Ver\u00f4nica Dias, nutricionista integrativa e farmac\u00eautica do Instituto Nutrindo Ideais, o processo de enlatamento utiliza tratamento t\u00e9rmico que garante seguran\u00e7a microbiol\u00f3gica e preserva boa parte dos nutrientes.<\/p>\n<p class=\"my-5 break-words group-[.isActiveSource]:text-xl\">&#8220;Alimentos enlatados podem sim fazer parte de uma alimenta\u00e7\u00e3o saud\u00e1vel, desde que escolhidos com crit\u00e9rio. Eles n\u00e3o substituem alimentos frescos, mas s\u00e3o aliados estrat\u00e9gicos quando qualidade, r\u00f3tulo e frequ\u00eancia s\u00e3o bem gerenciados&#8221;, afirma.<\/p>\n<p>Quais s\u00e3o os melhores enlatados para a dieta?<\/p>\n<p class=\"my-5 break-words group-[.isActiveSource]:text-xl\">Os enlatados podem ser consumidos em uma dieta equilibrada e oferecer benef\u00edcios para a sa\u00fade. Segundo as nutricionistas consultadas, entre as op\u00e7\u00f5es saud\u00e1veis est\u00e3o:<\/p>\n<ul class=\"list-none [li&gt;&amp;]:pl-5\">\n<li class=\"[ul&gt;&amp;]:indent-5 mb-3 break-words [ul&gt;&amp;]:relative [ul&gt;&amp;]:before:absolute [ul&gt;&amp;]:before:left-1 [ul&gt;&amp;]:before:top-2 [ul&gt;&amp;]:before:w-2 [ul&gt;&amp;]:before:h-2 [ul&gt;&amp;]:before:bg-red-600 [ul&gt;&amp;]:before:rounded-full marker:inline group-[.isActiveSource]:text-xl\"><strong class=\"group-[.isActiveSource]:text-xl group-[.isActiveSource]:font-bold\">Feij\u00e3o, ervilha, lentilha e gr\u00e3o-de-bico<\/strong>: s\u00e3o excelentes fontes de fibras, ferro, prote\u00ednas e auxiliam na digest\u00e3o e sensa\u00e7\u00e3o de saciedade<\/li>\n<li class=\"[ul&gt;&amp;]:indent-5 mb-3 break-words [ul&gt;&amp;]:relative [ul&gt;&amp;]:before:absolute [ul&gt;&amp;]:before:left-1 [ul&gt;&amp;]:before:top-2 [ul&gt;&amp;]:before:w-2 [ul&gt;&amp;]:before:h-2 [ul&gt;&amp;]:before:bg-red-600 [ul&gt;&amp;]:before:rounded-full marker:inline group-[.isActiveSource]:text-xl\"><strong class=\"group-[.isActiveSource]:text-xl group-[.isActiveSource]:font-bold\">Peixes (atum, sardinha e salm\u00e3o)<\/strong>: possuem \u00f4mega-3, que auxilia o funcionamento do cora\u00e7\u00e3o e do c\u00e9rebro, e s\u00e3o ricos em <a href=\"https:\/\/www.cnnbrasil.com.br\/saude\/excesso-de-suplementacao-de-vitaminas-pode-trazer-riscos-a-saude\/\" target=\"_blank\" rel=\"noopener noreferrer nofollow\" class=\"text-red-600 underline hover:text-red-500 font-medium break-words group-[.isActiveSource]:text-xl\">vitaminas<\/a> (D e c\u00e1lcio), minerais e prote\u00ednas.;<\/li>\n<li class=\"[ul&gt;&amp;]:indent-5 mb-3 break-words [ul&gt;&amp;]:relative [ul&gt;&amp;]:before:absolute [ul&gt;&amp;]:before:left-1 [ul&gt;&amp;]:before:top-2 [ul&gt;&amp;]:before:w-2 [ul&gt;&amp;]:before:h-2 [ul&gt;&amp;]:before:bg-red-600 [ul&gt;&amp;]:before:rounded-full marker:inline group-[.isActiveSource]:text-xl\"><strong class=\"group-[.isActiveSource]:text-xl group-[.isActiveSource]:font-bold\">Legumes e vegetais (milho e tomate sem pele)<\/strong>: eficientes fontes de vitaminas, minerais e fibras. S\u00e3o pr\u00e1ticos e duram mais tempo.<\/li>\n<\/ul>\n<p class=\"my-5 break-words group-[.isActiveSource]:text-xl\">Para n\u00e3o errar na hora de comprar o enlatado, Dias explica que \u00e9 interessante levar em considera\u00e7\u00e3o alguns crit\u00e9rios, como lista de ingredientes curta (idealmente, contendo apenas o alimento, \u00e1gua e sal), baixo teor de s\u00f3dio ou vers\u00f5es sem sal e embalagens livres de BPA, um qu\u00edmico usado em pl\u00e1sticos e resinas para embalagens de alimentos e latas.<\/p>\n<p class=\"my-5 break-words group-[.isActiveSource]:text-xl\">&#8220;Dica: quanto mais limpo e transparente, com as informa\u00e7\u00f5es claras, o r\u00f3tulo, melhor o produto&#8221;, afirma Dias.<\/p>\n<p>Qual \u00e9 o melhor tipo de atum enlatado?<\/p>\n<p class=\"my-5 break-words group-[.isActiveSource]:text-xl\">Ao procurar por atum enlatado nas prateleiras do mercado, \u00e9 comum encontrar diferentes op\u00e7\u00f5es: ralado, s\u00f3lido e em peda\u00e7os, em \u00f3leo ou ao natural. Afinal, qual \u00e9 a diferen\u00e7a entre eles? Um \u00e9 melhor do que o outro?<\/p>\n<p class=\"my-5 break-words group-[.isActiveSource]:text-xl\">Segundo as especialistas consultadas, o atum ao natural, conservado em \u00e1gua, \u00e9 a melhor escolha para quem busca o emagrecimento, j\u00e1 que possui menor teor cal\u00f3rico, menos gordura oxidada e maior concentra\u00e7\u00e3o relativa de prote\u00edna por caloria.<\/p>\n<p class=\"my-5 break-words group-[.isActiveSource]:text-xl\">J\u00e1 o atum em \u00f3leo tamb\u00e9m \u00e9 considerado uma vers\u00e3o saud\u00e1vel e pode ser interessante em contextos espec\u00edficos, de acordo com Dias. No entanto, nele s\u00e3o adicionadas calorias e \u00f3leos refinados que, nem sempre, podem ser de boa qualidade. &#8220;N\u00e3o \u00e9 uma boa escolha para sa\u00fade intestinal e nem para o emagrecimento&#8221;, afirma a nutricionista.<\/p>\n<p class=\"my-5 break-words group-[.isActiveSource]:text-xl\">Em rela\u00e7\u00e3o ao tipo de atum, a vers\u00e3o s\u00f3lida costuma ter a melhor textura e maior teor de prote\u00ednas, j\u00e1 que passa por <a href=\"https:\/\/www.cnnbrasil.com.br\/saude\/veja-11-alimentos-que-parecem-ultraprocessados-mas-nao-sao\/\" target=\"_blank\" rel=\"noopener noreferrer nofollow\" class=\"text-red-600 underline hover:text-red-500 font-medium break-words group-[.isActiveSource]:text-xl\">menos processamento<\/a> do que as vers\u00f5es em peda\u00e7os e raladas.<\/p>\n<p>Como armazenar adequadamente alimentos enlatados?<\/p>\n<p class=\"my-5 break-words group-[.isActiveSource]:text-xl\">Segundo as especialistas, os alimentos enlatados devem ser armazenados em um arm\u00e1rio ou despensa longe do calor e da luz direta, em locais frescos e arejados.<\/p>\n<p class=\"my-5 break-words group-[.isActiveSource]:text-xl\">&#8220;Evitar lugares \u00famidos \u00e9 fundamental para manter a integridade da lata, que pode sofrer danos por ferrugem, amassados e\/ou vazamentos&#8221;, orienta Ramalho.<\/p>\n<p class=\"my-5 break-words group-[.isActiveSource]:text-xl\">Antes de abrir, lave as latas com \u00e1gua e sab\u00e3o. Ap\u00f3s abrir, n\u00e3o guarde o alimento na pr\u00f3pria lata aberta, pois o metal pode reagir com o alimento. Use recipientes limpos: potes de vidro com tampa s\u00e3o ideais. Refrigere imediatamente: mantenha na geladeira a 4\u202f\u00b0C ou menos.<\/p>\n<p class=\"my-5 break-words group-[.isActiveSource]:text-xl\">Ap\u00f3s abertas, latas com <a href=\"https:\/\/www.cnnbrasil.com.br\/saude\/por-que-comer-feijao-e-outras-leguminosas-beneficia-a-saude-do-coracao\/\" target=\"_blank\" rel=\"noopener noreferrer nofollow\" class=\"text-red-600 underline hover:text-red-500 font-medium break-words group-[.isActiveSource]:text-xl\">leguminosas<\/a> cozidas (feij\u00e3o, gr\u00e3o-de-bico e lentilha) podem ficar at\u00e9 4 dias na geladeira. J\u00e1 vegetais enlatados duram de 3 a 5 dias refrigerados. Caso congelados em por\u00e7\u00f5es, a durabilidade aumenta para um ou dois meses.<\/p>\n","protected":false},"excerpt":{"rendered":"Diante de uma rotina corrida e pouco tempo livre para cozinhar, alimentos enlatados, como atum, sardinha, milho, ervilha,&hellip;\n","protected":false},"author":2,"featured_media":220761,"comment_status":"","ping_status":"","sticky":false,"template":"","format":"standard","meta":{"footnotes":""},"categories":[86],"tags":[116,32,33,117],"class_list":{"0":"post-220760","1":"post","2":"type-post","3":"status-publish","4":"format-standard","5":"has-post-thumbnail","7":"category-saude","8":"tag-health","9":"tag-portugal","10":"tag-pt","11":"tag-saude"},"share_on_mastodon":{"url":"https:\/\/pubeurope.com\/@pt\/115860323934007462","error":""},"_links":{"self":[{"href":"https:\/\/www.europesays.com\/pt\/wp-json\/wp\/v2\/posts\/220760","targetHints":{"allow":["GET"]}}],"collection":[{"href":"https:\/\/www.europesays.com\/pt\/wp-json\/wp\/v2\/posts"}],"about":[{"href":"https:\/\/www.europesays.com\/pt\/wp-json\/wp\/v2\/types\/post"}],"author":[{"embeddable":true,"href":"https:\/\/www.europesays.com\/pt\/wp-json\/wp\/v2\/users\/2"}],"replies":[{"embeddable":true,"href":"https:\/\/www.europesays.com\/pt\/wp-json\/wp\/v2\/comments?post=220760"}],"version-history":[{"count":0,"href":"https:\/\/www.europesays.com\/pt\/wp-json\/wp\/v2\/posts\/220760\/revisions"}],"wp:featuredmedia":[{"embeddable":true,"href":"https:\/\/www.europesays.com\/pt\/wp-json\/wp\/v2\/media\/220761"}],"wp:attachment":[{"href":"https:\/\/www.europesays.com\/pt\/wp-json\/wp\/v2\/media?parent=220760"}],"wp:term":[{"taxonomy":"category","embeddable":true,"href":"https:\/\/www.europesays.com\/pt\/wp-json\/wp\/v2\/categories?post=220760"},{"taxonomy":"post_tag","embeddable":true,"href":"https:\/\/www.europesays.com\/pt\/wp-json\/wp\/v2\/tags?post=220760"}],"curies":[{"name":"wp","href":"https:\/\/api.w.org\/{rel}","templated":true}]}}