{"id":220773,"date":"2026-01-08T16:10:19","date_gmt":"2026-01-08T16:10:19","guid":{"rendered":"https:\/\/www.europesays.com\/pt\/220773\/"},"modified":"2026-01-08T16:10:19","modified_gmt":"2026-01-08T16:10:19","slug":"feliz-em-viver-juda-r7-entretenimento","status":"publish","type":"post","link":"https:\/\/www.europesays.com\/pt\/220773\/","title":{"rendered":"\u2018Feliz em viver Jud\u00e1\u2019 \u2013 R7 Entretenimento"},"content":{"rendered":"<p><img decoding=\"async\" data-chromatic=\"ignore\" alt=\"\" class=\"c-image\" loading=\"lazy\" src=\"https:\/\/www.europesays.com\/pt\/wp-content\/uploads\/2026\/01\/XT4YG7RYMZG4ZLQAIN5YKAGJFI.png\"  width=\"677\" height=\"369\"\/>Vin\u00edcius Redd vive seu primeiro protagonista em Ben-Hur Reprodu\u00e7\u00e3o\/Instagram <\/p>\n<p class=\"jarvics:base-text-neutral-high-400 base-text-[calc(theme(fontSize.xs)_*_var(--font-size,_1))] base-font-normal base-font-primary base-text-neutral-low-500 base-text-left\">Vin\u00edcius Redd, o protagonista de <a href=\"https:\/\/entretenimento.r7.com\/famosos-e-tv\/ben-hur\/\" target=\"_self\" rel=\"nofollow noopener\" title=\"https:\/\/entretenimento.r7.com\/famosos-e-tv\/ben-hur\/\"><b>Ben-Hur<\/b><\/a>, publicou no Instagram alguns registros especiais do evento de boas-vindas promovido pela <a href=\"https:\/\/seriella.com\/producoes.php?i=pt\" target=\"_self\" rel=\"nofollow noopener\" title=\"https:\/\/seriella.com\/producoes.php?i=pt\"><b>Seriella Productions<\/b><\/a> no Rio de Janeiro. A superprodu\u00e7\u00e3o \u00e9 baseada no livro de Lew Wallace, com autoria de Cristiane Cardoso e dire\u00e7\u00e3o-geral de Leonardo Miranda. <\/p>\n<p class=\"jarvics:base-text-neutral-high-400 base-text-[calc(theme(fontSize.xs)_*_var(--font-size,_1))] base-font-normal base-font-primary base-text-neutral-low-500 base-text-left\">Na legenda do post, Redd demonstrou o quanto est\u00e1 animado por fazer parte do projeto: \u201cMuito feliz em poder viver Jud\u00e1 Ben-Hur em um dos projetos mais especiais da minha carreira\u201d. <\/p>\n<p class=\"jarvics:base-text-neutral-high-400 base-text-[calc(theme(fontSize.xs)_*_var(--font-size,_1))] base-font-normal base-font-primary base-text-neutral-low-500 base-text-left\">Colegas de elenco parabenizaram o ator: \u201cBora, parceiro! Est\u00e1 lindo demais! Feliz em viver isso com voc\u00ea\u201d, escreveu Ingrid Conte. <\/p>\n<p class=\"jarvics:base-text-neutral-high-400 base-text-[calc(theme(fontSize.xs)_*_var(--font-size,_1))] base-font-normal base-font-primary base-text-neutral-low-500 base-text-left\">Jessika Alves tamb\u00e9m deixou seu coment\u00e1rio na publica\u00e7\u00e3o: \u201cQue comecem os jogos. Vai ser lindo!\u201d. <\/p>\n<p class=\"jarvics:base-text-neutral-high-400 base-text-[calc(theme(fontSize.xs)_*_var(--font-size,_1))] base-font-normal base-font-primary base-text-neutral-low-500 base-text-left\">\u201cCome\u00e7amos, meu irm\u00e3o!\u201d, afirmou R\u00f4mulo Weber. <\/p>\n<p class=\"jarvics:base-text-neutral-high-400 base-text-[calc(theme(fontSize.xs)_*_var(--font-size,_1))] base-font-normal base-font-primary base-text-neutral-low-500 base-text-left\">Os f\u00e3s tamb\u00e9m deixaram seu carinho por Vini registrado: \u201cTodo sucesso do mundo\u201d, desejou uma internauta. <\/p>\n<p class=\"jarvics:base-text-neutral-high-400 base-text-[calc(theme(fontSize.xs)_*_var(--font-size,_1))] base-font-normal base-font-primary base-text-neutral-low-500 base-text-left\">\u201cJ\u00e1 estou ansiosa\u201d, confessou outra. \u201cBrilha muito\u201d, disse outro seguidor. <\/p>\n<p class=\"jarvics:base-text-neutral-high-400 base-text-[calc(theme(fontSize.xs)_*_var(--font-size,_1))] base-font-normal base-font-primary base-text-neutral-low-500 base-text-left\"><b>Confira o post:<\/b><\/p>\n<p class=\"jarvics:base-text-neutral-high-400 base-text-[calc(theme(fontSize.xs)_*_var(--font-size,_1))] base-font-normal base-font-primary base-text-neutral-low-500 base-text-left\">Fique ligado! A superprodu\u00e7\u00e3o <a href=\"https:\/\/entretenimento.r7.com\/famosos-e-tv\/ben-hur\/\" rel=\"nofollow noopener\" title=\"https:\/\/entretenimento.r7.com\/famosos-e-tv\/ben-hur\/\" target=\"_blank\"><b>Ben-Hur <\/b><\/a>\u00e9 escrita por Cristiane Cardoso e tem estreia prevista para este ano no <a href=\"https:\/\/www.univervideo.com\/\" rel=\"nofollow noopener\" title=\"https:\/\/www.univervideo.com\/\" target=\"_blank\"><b>Univer V\u00eddeo.<\/b><\/a><\/p>\n","protected":false},"excerpt":{"rendered":"Vin\u00edcius Redd vive seu primeiro protagonista em Ben-Hur Reprodu\u00e7\u00e3o\/Instagram Vin\u00edcius Redd, o protagonista de Ben-Hur, publicou no Instagram&hellip;\n","protected":false},"author":2,"featured_media":220774,"comment_status":"","ping_status":"","sticky":false,"template":"","format":"standard","meta":{"footnotes":""},"categories":[145],"tags":[37733,211,210,114,115,1172,32,33],"class_list":{"0":"post-220773","1":"post","2":"type-post","3":"status-publish","4":"format-standard","5":"has-post-thumbnail","7":"category-celebridades","8":"tag-ben-hur","9":"tag-celebridades","10":"tag-celebrities","11":"tag-entertainment","12":"tag-entretenimento","13":"tag-minisserie","14":"tag-portugal","15":"tag-pt"},"share_on_mastodon":{"url":"https:\/\/pubeurope.com\/@pt\/115860355388028467","error":""},"_links":{"self":[{"href":"https:\/\/www.europesays.com\/pt\/wp-json\/wp\/v2\/posts\/220773","targetHints":{"allow":["GET"]}}],"collection":[{"href":"https:\/\/www.europesays.com\/pt\/wp-json\/wp\/v2\/posts"}],"about":[{"href":"https:\/\/www.europesays.com\/pt\/wp-json\/wp\/v2\/types\/post"}],"author":[{"embeddable":true,"href":"https:\/\/www.europesays.com\/pt\/wp-json\/wp\/v2\/users\/2"}],"replies":[{"embeddable":true,"href":"https:\/\/www.europesays.com\/pt\/wp-json\/wp\/v2\/comments?post=220773"}],"version-history":[{"count":0,"href":"https:\/\/www.europesays.com\/pt\/wp-json\/wp\/v2\/posts\/220773\/revisions"}],"wp:featuredmedia":[{"embeddable":true,"href":"https:\/\/www.europesays.com\/pt\/wp-json\/wp\/v2\/media\/220774"}],"wp:attachment":[{"href":"https:\/\/www.europesays.com\/pt\/wp-json\/wp\/v2\/media?parent=220773"}],"wp:term":[{"taxonomy":"category","embeddable":true,"href":"https:\/\/www.europesays.com\/pt\/wp-json\/wp\/v2\/categories?post=220773"},{"taxonomy":"post_tag","embeddable":true,"href":"https:\/\/www.europesays.com\/pt\/wp-json\/wp\/v2\/tags?post=220773"}],"curies":[{"name":"wp","href":"https:\/\/api.w.org\/{rel}","templated":true}]}}