{"id":220778,"date":"2026-01-08T16:15:07","date_gmt":"2026-01-08T16:15:07","guid":{"rendered":"https:\/\/www.europesays.com\/pt\/220778\/"},"modified":"2026-01-08T16:15:07","modified_gmt":"2026-01-08T16:15:07","slug":"o-senhor-dos-aneis-trilogia-ganha-nova-exibicao-nos-cinemas","status":"publish","type":"post","link":"https:\/\/www.europesays.com\/pt\/220778\/","title":{"rendered":"O Senhor dos An\u00e9is | Trilogia ganha nova exibi\u00e7\u00e3o nos cinemas"},"content":{"rendered":"<p>A trilogia de <strong>O Senhor dos An\u00e9is<\/strong> vai retornar aos cinemas em datas limitadas para uma exibi\u00e7\u00e3o especial para celebrar os 25 anos do lan\u00e7amento de A Sociedade do Anel. A <strong>Warner Bros.<\/strong> anunciou nesta quinta-feira (8) que a pr\u00e9-venda dos ingressos j\u00e1 est\u00e1 dispon\u00edvel.<\/p>\n<p>Entre <strong>22 e 24 de janeiro<\/strong>, um filme da saga estar\u00e1 em cartaz por dia direto nas telonas. Ser\u00e3o exibidas as vers\u00f5es estendidas da trilogia.<\/p>\n<p>No dia 22, chega aos cinemas o primeiro filme,\u00a0<strong>A Sociedade do Anel<\/strong>,\u00a0enquanto\u00a0<strong>As Duas Torres\u00a0<\/strong>ser\u00e1 exibido\u00a0no dia 23.\u00a0Por fim,\u00a0<strong>O Retorno do Rei,\u00a0<\/strong>cap\u00edtulo final da saga e vencedor de 11 Oscars, incluindo o de Melhor Filme,<strong>\u00a0<\/strong>fica\u00a0em\u00a0cartaz<strong>\u00a0<\/strong>em 24 de janeiro. Os longas ser\u00e3o exibidos na vers\u00e3o legendada.\u00a0<\/p>\n<p>            Continua depois da Publicidade<\/p>\n<p>Os tr\u00eas cap\u00edtulos acompanham o pequeno hobbit Frodo (<strong>Elijah Wood<\/strong>) e seus aliados na luta para defender seu mundo das for\u00e7as sombrias de Sauron (<strong>Sala Bake<\/strong>r), inspirados na obra hom\u00f4nima de <strong>J.R.R. Tolkien<\/strong> e com dire\u00e7\u00e3o de <strong>Peter Jackson<\/strong>.<\/p>\n<p>Essa n\u00e3o \u00e9 a primeira vez que a Warner relan\u00e7a os filmes em vers\u00e3o estendida nos cinemas, j\u00e1 tendo lan\u00e7ado outra vez em vers\u00f5es na qualidade 4K.\u00a0<\/p>\n<p>Vale lembrar que a trilogia O Senhor dos An\u00e9is, tanto as vers\u00f5es originais quanto as estendidas, est\u00e3o dispon\u00edveis no cat\u00e1logo da <strong>HBO Max<\/strong>.<\/p>\n","protected":false},"excerpt":{"rendered":"A trilogia de O Senhor dos An\u00e9is vai retornar aos cinemas em datas limitadas para uma exibi\u00e7\u00e3o especial&hellip;\n","protected":false},"author":2,"featured_media":220779,"comment_status":"","ping_status":"","sticky":false,"template":"","format":"standard","meta":{"footnotes":""},"categories":[140],"tags":[114,115,147,148,146,32,33],"class_list":{"0":"post-220778","1":"post","2":"type-post","3":"status-publish","4":"format-standard","5":"has-post-thumbnail","7":"category-filmes","8":"tag-entertainment","9":"tag-entretenimento","10":"tag-film","11":"tag-filmes","12":"tag-movies","13":"tag-portugal","14":"tag-pt"},"share_on_mastodon":{"url":"https:\/\/pubeurope.com\/@pt\/115860375096818428","error":""},"_links":{"self":[{"href":"https:\/\/www.europesays.com\/pt\/wp-json\/wp\/v2\/posts\/220778","targetHints":{"allow":["GET"]}}],"collection":[{"href":"https:\/\/www.europesays.com\/pt\/wp-json\/wp\/v2\/posts"}],"about":[{"href":"https:\/\/www.europesays.com\/pt\/wp-json\/wp\/v2\/types\/post"}],"author":[{"embeddable":true,"href":"https:\/\/www.europesays.com\/pt\/wp-json\/wp\/v2\/users\/2"}],"replies":[{"embeddable":true,"href":"https:\/\/www.europesays.com\/pt\/wp-json\/wp\/v2\/comments?post=220778"}],"version-history":[{"count":0,"href":"https:\/\/www.europesays.com\/pt\/wp-json\/wp\/v2\/posts\/220778\/revisions"}],"wp:featuredmedia":[{"embeddable":true,"href":"https:\/\/www.europesays.com\/pt\/wp-json\/wp\/v2\/media\/220779"}],"wp:attachment":[{"href":"https:\/\/www.europesays.com\/pt\/wp-json\/wp\/v2\/media?parent=220778"}],"wp:term":[{"taxonomy":"category","embeddable":true,"href":"https:\/\/www.europesays.com\/pt\/wp-json\/wp\/v2\/categories?post=220778"},{"taxonomy":"post_tag","embeddable":true,"href":"https:\/\/www.europesays.com\/pt\/wp-json\/wp\/v2\/tags?post=220778"}],"curies":[{"name":"wp","href":"https:\/\/api.w.org\/{rel}","templated":true}]}}