{"id":220782,"date":"2026-01-08T16:17:09","date_gmt":"2026-01-08T16:17:09","guid":{"rendered":"https:\/\/www.europesays.com\/pt\/220782\/"},"modified":"2026-01-08T16:17:09","modified_gmt":"2026-01-08T16:17:09","slug":"anvisa-aprova-venda-de-leqembi-novo-medicamento-contra-alzheimer-noticias-r7","status":"publish","type":"post","link":"https:\/\/www.europesays.com\/pt\/220782\/","title":{"rendered":"Anvisa aprova venda de \u2018Leqembi\u2019, novo medicamento contra Alzheimer \u2013 Noticias R7"},"content":{"rendered":"<p>LEIA AQUI O RESUMO DA NOT\u00cdCIA<\/p>\n<ul class=\"b-article-body-custom-embed-brief-news__list\" style=\"margin: 0; padding-left: 20px; list-style-type: disc;\">\n<li>A Anvisa autorizou a venda do medicamento Leqembi, destinado a pacientes com Alzheimer em fase inicial.<\/li>\n<li>O tratamento requer aplica\u00e7\u00e3o intravenosa a cada duas semanas e visa reduzir placas beta-amiloides no c\u00e9rebro.<\/li>\n<li>Estudos mostraram que pacientes tratados com Leqembi apresentaram menor decl\u00ednio dos sintomas ap\u00f3s 18 meses em compara\u00e7\u00e3o ao placebo.<\/li>\n<li>O medicamento n\u00e3o \u00e9 recomendado para pacientes com duas c\u00f3pias do gene ApoE4, que podem ter maior risco de efeitos colaterais.<\/li>\n<\/ul>\n<p style=\"font-size: 0.8em; font-style: italic; text-align: right; margin-top: 15px; padding-bottom: 5px; margin-bottom: 0;\">Produzido pela Ri7a &#8211; a Intelig\u00eancia Artificial do R7<\/p>\n<p><img decoding=\"async\" data-chromatic=\"ignore\" alt=\"\" class=\"c-image\" loading=\"lazy\" src=\"https:\/\/www.europesays.com\/pt\/wp-content\/uploads\/2026\/01\/5BFV2GKRJZAF3JVTGACONYNJWQ.jpg\"  width=\"5184\" height=\"3456\"\/>A doen\u00e7a torna-se mais comum a partir dos 65 anos e \u00e9 influenciada por fatores gen\u00e9ticos, de sa\u00fade e estilo de vida Marcelo Camargo\/Ag\u00eancia Brasil <\/p>\n<p class=\"jarvics:base-text-neutral-high-400 base-text-[calc(theme(fontSize.xs)_*_var(--font-size,_1))] base-font-normal base-font-primary base-text-neutral-low-500 base-text-left\">A Anvisa (Ag\u00eancia Nacional de Vigil\u00e2ncia Sanit\u00e1ria) autorizou o consumo e distribui\u00e7\u00e3o de um novo medicamento de combate ao <a href=\"https:\/\/noticias.r7.com\/brasilia\/df-no-ar\/video\/memorias-roubadas-cuidados-legais-e-administrativos-no-alzheimer-13102025\/\" target=\"_self\" rel=\"nofollow noopener\" title=\"https:\/\/noticias.r7.com\/brasilia\/df-no-ar\/video\/memorias-roubadas-cuidados-legais-e-administrativos-no-alzheimer-13102025\/\">Alzheimer<\/a>. Intitulado Leqembi, o rem\u00e9dio teve seu registro oficializado em 22 de dezembro. Ainda n\u00e3o h\u00e1 previs\u00e3o para o in\u00edcio das vendas.<\/p>\n<p class=\"jarvics:base-text-neutral-high-400 base-text-[calc(theme(fontSize.xs)_*_var(--font-size,_1))] base-font-normal base-font-primary base-text-neutral-low-500 base-text-left\">A medica\u00e7\u00e3o \u00e9 indicada para tratamento de pacientes adultos com diagn\u00f3stico de Alzheimer <a href=\"https:\/\/noticias.r7.com\/prisma\/herodoto-barbeiro\/tres-sintomas-comuns-podem-revelar-alzheimer-em-estagio-inicial-alerta-especialista-29092025\/\" target=\"_self\" rel=\"nofollow noopener\" title=\"https:\/\/noticias.r7.com\/prisma\/herodoto-barbeiro\/tres-sintomas-comuns-podem-revelar-alzheimer-em-estagio-inicial-alerta-especialista-29092025\/\">em fase inicial<\/a>, j\u00e1 apresentando comprometimento cognitivo leve e dem\u00eancia. Ser\u00e1 comercializada por meio de ampolas e a indica\u00e7\u00e3o \u00e9 de uma aplica\u00e7\u00e3o intravenosa a cada duas semanas.<\/p>\n<p>Como funciona<\/p>\n<p class=\"jarvics:base-text-neutral-high-400 base-text-[calc(theme(fontSize.xs)_*_var(--font-size,_1))] base-font-normal base-font-primary base-text-neutral-low-500 base-text-left\">O Leqembi serve para reduzir as placas beta-amiloides no c\u00e9rebro, j\u00e1 que a concentra\u00e7\u00e3o dessas part\u00edculas de prote\u00edna na regi\u00e3o \u00e9 um dos <a href=\"https:\/\/noticias.r7.com\/fala-ciencia\/cientistas-identificam-fraqueza-genetica-que-ajuda-a-combater-alzheimer-29112025\/\" target=\"_self\" rel=\"nofollow noopener\" title=\"https:\/\/noticias.r7.com\/fala-ciencia\/cientistas-identificam-fraqueza-genetica-que-ajuda-a-combater-alzheimer-29112025\/\">fatores determinantes para o surgimento da doen\u00e7a<\/a>.<\/p>\n<p class=\"jarvics:base-text-neutral-high-400 base-text-[calc(theme(fontSize.xs)_*_var(--font-size,_1))] base-font-normal base-font-primary base-text-neutral-low-500 base-text-left\">Sua efic\u00e1cia foi avaliada pela escala CDR-SB, que mede graus de Alzheimer em pacientes. No estudo, 1.975 pessoas com Alzheimer em est\u00e1gio inicial receberam Laqembi ou placebo. Para os pacientes que consumiram o medicamento, houve um decl\u00ednio dos sintomas ap\u00f3s 18 meses, e uma evolu\u00e7\u00e3o menor na dem\u00eancia do que os que receberam placebo (1,22 versus 1,76 pontos CDR-SB).<\/p>\n<p>Teste para o gene ApoE4 <\/p>\n<p class=\"jarvics:base-text-neutral-high-400 base-text-[calc(theme(fontSize.xs)_*_var(--font-size,_1))] base-font-normal base-font-primary base-text-neutral-low-500 base-text-left\">O teste para identifica\u00e7\u00e3o do gene ApoE4, principal variante gen\u00e9tica que leva ao risco de Alzheimer, deve ser realizado antes do in\u00edcio do tratamento.<\/p>\n<p class=\"jarvics:base-text-neutral-high-400 base-text-[calc(theme(fontSize.xs)_*_var(--font-size,_1))] base-font-normal base-font-primary base-text-neutral-low-500 base-text-left\">Essa melhora foi percebida em pacientes com apenas uma ou nenhuma c\u00f3pia do gene ApoE4.<\/p>\n<p class=\"jarvics:base-text-neutral-high-400 base-text-[calc(theme(fontSize.xs)_*_var(--font-size,_1))] base-font-normal base-font-primary base-text-neutral-low-500 base-text-left\">No entanto, o tratamento ainda n\u00e3o \u00e9 recomendado para pacientes com duas c\u00f3pias do gene ApoE4: volunt\u00e1rios deste perfil que receberam Leqembi apresentaram maior risco de desenvolver efeitos colaterais como incha\u00e7os ou sangramentos no c\u00e9rebro. Dessa forma, o medicamento serve, por agora, somente para indiv\u00edduos com uma ou menos c\u00f3pias do gene.<\/p>\n<p class=\"jarvics:base-text-neutral-high-400 base-text-[calc(theme(fontSize.xs)_*_var(--font-size,_1))] base-font-normal base-font-primary base-text-neutral-low-500 base-text-left\"><b>Fique por dentro das principais not\u00edcias do dia no Brasil e no mundo. <\/b><a href=\"https:\/\/whatsapp.com\/channel\/0029Va6eEELGZNCyryabmO1m\" rel=\"nofollow noopener\" target=\"_blank\"><b>Siga o canal do R7<\/b><\/a><b>, o portal de not\u00edcias da RECORD, no WhatsApp<\/b><\/p>\n","protected":false},"excerpt":{"rendered":"LEIA AQUI O RESUMO DA NOT\u00cdCIA A Anvisa autorizou a venda do medicamento Leqembi, destinado a pacientes com&hellip;\n","protected":false},"author":2,"featured_media":4680,"comment_status":"","ping_status":"","sticky":false,"template":"","format":"standard","meta":{"footnotes":""},"categories":[86],"tags":[314,5671,2041,116,32,33,117],"class_list":{"0":"post-220782","1":"post","2":"type-post","3":"status-publish","4":"format-standard","5":"has-post-thumbnail","7":"category-saude","8":"tag-alzheimer","9":"tag-anvisa","10":"tag-demencia","11":"tag-health","12":"tag-portugal","13":"tag-pt","14":"tag-saude"},"share_on_mastodon":{"url":"https:\/\/pubeurope.com\/@pt\/115860382920781565","error":""},"_links":{"self":[{"href":"https:\/\/www.europesays.com\/pt\/wp-json\/wp\/v2\/posts\/220782","targetHints":{"allow":["GET"]}}],"collection":[{"href":"https:\/\/www.europesays.com\/pt\/wp-json\/wp\/v2\/posts"}],"about":[{"href":"https:\/\/www.europesays.com\/pt\/wp-json\/wp\/v2\/types\/post"}],"author":[{"embeddable":true,"href":"https:\/\/www.europesays.com\/pt\/wp-json\/wp\/v2\/users\/2"}],"replies":[{"embeddable":true,"href":"https:\/\/www.europesays.com\/pt\/wp-json\/wp\/v2\/comments?post=220782"}],"version-history":[{"count":0,"href":"https:\/\/www.europesays.com\/pt\/wp-json\/wp\/v2\/posts\/220782\/revisions"}],"wp:featuredmedia":[{"embeddable":true,"href":"https:\/\/www.europesays.com\/pt\/wp-json\/wp\/v2\/media\/4680"}],"wp:attachment":[{"href":"https:\/\/www.europesays.com\/pt\/wp-json\/wp\/v2\/media?parent=220782"}],"wp:term":[{"taxonomy":"category","embeddable":true,"href":"https:\/\/www.europesays.com\/pt\/wp-json\/wp\/v2\/categories?post=220782"},{"taxonomy":"post_tag","embeddable":true,"href":"https:\/\/www.europesays.com\/pt\/wp-json\/wp\/v2\/tags?post=220782"}],"curies":[{"name":"wp","href":"https:\/\/api.w.org\/{rel}","templated":true}]}}