{"id":220793,"date":"2026-01-08T16:25:37","date_gmt":"2026-01-08T16:25:37","guid":{"rendered":"https:\/\/www.europesays.com\/pt\/220793\/"},"modified":"2026-01-08T16:25:37","modified_gmt":"2026-01-08T16:25:37","slug":"michael-b-jordan-precisou-de-terapia-apos-ficar-preso-em-personagem-de-pantera-negra-r7-entretenimento","status":"publish","type":"post","link":"https:\/\/www.europesays.com\/pt\/220793\/","title":{"rendered":"Michael B. Jordan precisou de terapia ap\u00f3s ficar \u2018preso\u2019 em personagem de \u2018Pantera Negra\u2019 \u2013 R7 Entretenimento"},"content":{"rendered":"<p>LEIA AQUI O RESUMO DA NOT\u00cdCIA<\/p>\n<ul class=\"b-article-body-custom-embed-brief-news__list\" style=\"margin: 0; padding-left: 20px; list-style-type: disc;\">\n<li>Michael B. Jordan revelou que precisou de terapia ap\u00f3s interpretar o vil\u00e3o Erik Killmonger em Pantera Negra.<\/li>\n<li>O ator se sentiu &#8220;preso&#8221; ao personagem, marcado pela raiva e frustra\u00e7\u00e3o.<\/li>\n<li>As sess\u00f5es de terapia se tornaram parte de sua rotina, promovendo autoconhecimento e a import\u00e2ncia da conversa sobre sa\u00fade mental, especialmente entre homens.<\/li>\n<li>Apesar da experi\u00eancia desafiadora, Pantera Negra permanece como um dos principais filmes de sua carreira, e ele \u00e9 cotado para o Oscar 2026 pelo filme Pecadores.<\/li>\n<\/ul>\n<p style=\"font-size: 0.8em; font-style: italic; text-align: right; margin-top: 15px; padding-bottom: 5px; margin-bottom: 0;\">Produzido pela Ri7a &#8211; a Intelig\u00eancia Artificial do R7<\/p>\n<p><img decoding=\"async\" data-chromatic=\"ignore\" alt=\"\" class=\"c-image\" loading=\"lazy\" src=\"https:\/\/www.europesays.com\/pt\/wp-content\/uploads\/2026\/01\/M65NBJMBPFCY5BH2J3KBWB4WGU.jpeg\"  width=\"739\" height=\"417\"\/>Jordan \u00e9 um dos nomes cotados ao Oscar 2026 de Melhor Ator por &#8216;Pecadores&#8217; Reprodu\u00e7\u00e3o\\Instagram\\@michaelbjorda <\/p>\n<p class=\"jarvics:base-text-neutral-high-400 base-text-[calc(theme(fontSize.xs)_*_var(--font-size,_1))] base-font-normal base-font-primary base-text-neutral-low-500 base-text-left\">O ator <a href=\"https:\/\/entretenimento.r7.com\/cinema\/o-vicio\/pecadores-com-michael-b-jordan-recebe-poster-com-estilo-de-pintura-06042025\/\" target=\"_self\" rel=\"nofollow noopener\" title=\"https:\/\/entretenimento.r7.com\/cinema\/o-vicio\/pecadores-com-michael-b-jordan-recebe-poster-com-estilo-de-pintura-06042025\/\">Michael B. Jordan<\/a> revelou que precisou de ajuda psicol\u00f3gica ap\u00f3s interpretar o vil\u00e3o de <a href=\"https:\/\/entretenimento.r7.com\/cinema\/\" target=\"_self\" rel=\"nofollow noopener\" title=\"https:\/\/entretenimento.r7.com\/cinema\/\">Pantera Negra<\/a>. Em entrevista ao CBS News, o americano disse que se sentiu \u201cpreso\u201d ao personagem.<\/p>\n<p class=\"jarvics:base-text-neutral-high-400 base-text-[calc(theme(fontSize.xs)_*_var(--font-size,_1))] base-font-normal base-font-primary base-text-neutral-low-500 base-text-left\">\u201cIsso [o personagem] meio que ficou preso em mim por um tempo. E, sabe, fiz terapia e conversei sobre. Encontrei uma maneira de me desvencilhar, acho que naquele momento eu ainda estava aprendendo que precisava me desvencilhar de um personagem\u201d, comentou.<\/p>\n<p class=\"jarvics:base-text-neutral-high-400 base-text-[calc(theme(fontSize.xs)_*_var(--font-size,_1))] base-font-normal base-font-primary base-text-neutral-low-500 base-text-left\">No longa de 2018, o ator deu vida a Erik Killmonger, um vil\u00e3o que tenta destronar T\u2019Challa, interpretado pelo falecido Chadwick Boseman. Segundo Jordan, o personagem \u00e9 movido por raiva e frustra\u00e7\u00e3o.<\/p>\n<p class=\"jarvics:base-text-neutral-high-400 base-text-[calc(theme(fontSize.xs)_*_var(--font-size,_1))] base-font-normal base-font-primary base-text-neutral-low-500 base-text-left\">Embora tenha come\u00e7ado a fazer terapia para se desvincular do papel, o americano revelou que as sess\u00f5es se tornaram parte indispens\u00e1vel de sua rotina. Ele tamb\u00e9m aproveitou para recomendar que outras pessoas busquem ajuda m\u00e9dica.<\/p>\n<p class=\"jarvics:base-text-neutral-high-400 base-text-[calc(theme(fontSize.xs)_*_var(--font-size,_1))] base-font-normal base-font-primary base-text-neutral-low-500 base-text-left\">\u201cE a\u00ed acho que isso [terapia] se transformou numa conversa maior e numa autodescoberta, tipo, \u2018Ok, acho que isso \u00e9 algo necess\u00e1rio para as pessoas, sabe?\u2019 Principalmente para os homens. Acho que \u00e9 bom para eles conversarem. N\u00e3o tenho vergonha nenhuma disso, pelo contr\u00e1rio, tenho muito orgulho. E com certeza me ajudou a ser um bom comunicador e uma pessoa mais completa, por dentro e por fora\u201d, disse Jordan.<\/p>\n<p class=\"jarvics:base-text-neutral-high-400 base-text-[calc(theme(fontSize.xs)_*_var(--font-size,_1))] base-font-normal base-font-primary base-text-neutral-low-500 base-text-left\">Apesar da experi\u00eancia negativa para o ator, Pantera Negra \u00e9 um dos principais filmes de sua carreira. Ele tamb\u00e9m participou de Luta por Justi\u00e7a, Quarteto Fant\u00e1stico e da franquia Creed. <\/p>\n<p class=\"jarvics:base-text-neutral-high-400 base-text-[calc(theme(fontSize.xs)_*_var(--font-size,_1))] base-font-normal base-font-primary base-text-neutral-low-500 base-text-left\">Recentemente, Jordan ganhou destaque pelo trabalho em Pecadores, sendo um dos nomes cotados ao Oscar 2026 de Melhor Ator. Outros atores que podem concorrer com ele s\u00e3o Leonardo DiCaprio, Timoth\u00e9e Chalamet e Wagner Moura.<\/p>\n<p><video controls=\"\" class=\"video-js\" preload=\"metadata\" poster=\"https:\/\/d22yf0mxeu0gma.cloudfront.net\/11-19-2025\/t_52b8a0f95bf24c438290056cb19611eb_name_galas_variety_callum_asap.jpeg\" title=\"Michael B. Jordan, namorado de Dua Lipa e mais: veja a nova gera&#xE7;&#xE3;o de gal&#xE3;s de Hollywood\" data-sprite-url=\"\" data-metadata=\"{&quot;title&quot;:&quot;Michael B. Jordan, namorado de Dua Lipa e mais: veja a nova gera&#xE7;&#xE3;o de gal&#xE3;s de Hollywood&quot;,&quot;sectionName&quot;:&quot;R7&quot;,&quot;mainSection&quot;:&quot;Cinema&quot;,&quot;subSection&quot;:&quot;&quot;,&quot;views&quot;:&quot;&quot;,&quot;disableAdv&quot;:&quot;false&quot;,&quot;createdDate&quot;:&quot;2025-11-19T15:20:06Z&quot;,&quot;mainSectionUrl&quot;:&quot;https:\/\/entretenimento.r7.com\/prisma\/keila-jimenez\/video\/michael-b-jordan-namorado-de-dua-lipa-e-mais-veja-a-nova-geracao-de-galas-de-hollywood-19112025\/&quot;,&quot;sectionPath&quot;:&quot;https:\/\/entretenimento.r7.com\/prisma\/keila-jimenez&quot;,&quot;ageRating&quot;:&quot;&quot;,&quot;ageRatingDescription&quot;:&quot;&quot;,&quot;duration&quot;:112853,&quot;playerUrl&quot;:&quot;https:\/\/entretenimento.r7.com\/player\/12abf123-244e-4576-9214-d60fe578eca9\/&quot;}\" data-player-params=\"{&quot;p&quot;:&quot;true&quot;,&quot;autoPlay&quot;:&quot;false&quot;,&quot;logo&quot;:&quot;true&quot;,&quot;playlistId&quot;:&quot;false&quot;,&quot;calhau&quot;:&quot;false&quot;,&quot;share&quot;:&quot;true&quot;,&quot;sz&quot;:&quot;false&quot;,&quot;full&quot;:&quot;true&quot;,&quot;customAdHash&quot;:&quot;\/7542\/R7entretenimento\/cinema&quot;,&quot;referrerUrl&quot;:&quot;&quot;,&quot;externalLinks&quot;:&quot;true&quot;,&quot;debug&quot;:&quot;false&quot;,&quot;debugHash&quot;:&quot;false&quot;,&quot;debugRelated&quot;:&quot;false&quot;,&quot;timerRelated&quot;:&quot;true&quot;,&quot;logoRecord&quot;:&quot;false&quot;,&quot;contextModal&quot;:&quot;false&quot;,&quot;parentUrl&quot;:&quot;https:\/\/record.r7.com\/&quot;,&quot;t&quot;:&quot;0&quot;,&quot;noTitle&quot;:false,&quot;endBehavior&quot;:&quot;default&quot;}\" data-related-videos=\"[{&quot;title&quot;:&quot;Assista &#xE0; &#xED;ntegra do Di&#xE1;rio das Celebridades desta ter&#xE7;a-feira (30)&quot;,&quot;thumb&quot;:&quot;https:\/\/d22yf0mxeu0gma.cloudfront.net\/12-30-2025\/t_f94ee2923b484cd5a85bc2ca8ba9ebf1_name_file_960x540_1600_v4_.jpg&quot;,&quot;url&quot;:&quot;https:\/\/record.r7.com\/hoje-em-dia\/diario-das-celebridades\/video\/assista-a-integra-do-diario-das-celebridades-desta-terca-feira-30-30122025\/&quot;,&quot;embedUrl&quot;:&quot;https:\/\/record.r7.com\/player\/21130846-119b-4a19-95f6-f13d72dd70d3\/&quot;},{&quot;title&quot;:&quot;Assista &#xE0; &#xED;ntegra do Di&#xE1;rio das Celebridades desta segunda-feira (29)&quot;,&quot;thumb&quot;:&quot;https:\/\/d22yf0mxeu0gma.cloudfront.net\/12-29-2025\/t_d711bb9fa28a438083ea0cb39712949a_name_file_960x540_1600_v4_.jpg&quot;,&quot;url&quot;:&quot;https:\/\/record.r7.com\/hoje-em-dia\/diario-das-celebridades\/video\/assista-a-integra-do-diario-das-celebridades-desta-segunda-feira-29-29122025\/&quot;,&quot;embedUrl&quot;:&quot;https:\/\/record.r7.com\/player\/7890eccb-beec-489b-9c83-93aed0a1dc8c\/&quot;},{&quot;title&quot;:&quot;Kirsten Dunst rasga elogios a Wagner Moura no filme &#x2018;O Agente Secreto&#x2019;&quot;,&quot;thumb&quot;:&quot;https:\/\/d22yf0mxeu0gma.cloudfront.net\/12-24-2025\/t_e89b17b76b964048b67665bcabc2d5e9_name_Kirsten_Dunst_wagner_moura.jpg&quot;,&quot;url&quot;:&quot;https:\/\/entretenimento.r7.com\/prisma\/keila-jimenez\/video\/kirsten-dunst-rasga-elogios-a-wagner-moura-no-filme-o-agente-secreto-24122025\/&quot;,&quot;embedUrl&quot;:&quot;https:\/\/entretenimento.r7.com\/player\/c840bf41-ac78-4df1-b73c-ec511944983d\/&quot;}]\" data-player-url=\"https:\/\/entretenimento.r7.com\/player\/12abf123-244e-4576-9214-d60fe578eca9\/\" data-arc-video=\"\" data-arc-id=\"12abf123-244e-4576-9214-d60fe578eca9\" data-short=\"false\" style=\"visibility:hidden\"><\/video><\/p>\n<p class=\"jarvics:base-text-neutral-high-400 base-text-[calc(theme(fontSize.xs)_*_var(--font-size,_1))] base-font-normal base-font-primary base-text-neutral-low-500 base-text-left\"><b>Para saber tudo do mundo dos famosos, <\/b><a href=\"https:\/\/whatsapp.com\/channel\/0029Va9UfKcHQbRyCyhPt71R\" rel=\"nofollow noopener\" target=\"_blank\"><b>siga o canal de entretenimento do R7<\/b><\/a><b>, o portal de not\u00edcias da RECORD, no WhatsApp<\/b><\/p>\n","protected":false},"excerpt":{"rendered":"LEIA AQUI O RESUMO DA NOT\u00cdCIA Michael B. Jordan revelou que precisou de terapia ap\u00f3s interpretar o vil\u00e3o&hellip;\n","protected":false},"author":2,"featured_media":220794,"comment_status":"","ping_status":"","sticky":false,"template":"","format":"standard","meta":{"footnotes":""},"categories":[145],"tags":[211,210,470,114,115,3034,2595,32,33,1030],"class_list":{"0":"post-220793","1":"post","2":"type-post","3":"status-publish","4":"format-standard","5":"has-post-thumbnail","7":"category-celebridades","8":"tag-celebridades","9":"tag-celebrities","10":"tag-cinema","11":"tag-entertainment","12":"tag-entretenimento","13":"tag-famosos-e-celebridades","14":"tag-hollywood","15":"tag-portugal","16":"tag-pt","17":"tag-saude-mental"},"share_on_mastodon":{"url":"https:\/\/pubeurope.com\/@pt\/115860414280031833","error":""},"_links":{"self":[{"href":"https:\/\/www.europesays.com\/pt\/wp-json\/wp\/v2\/posts\/220793","targetHints":{"allow":["GET"]}}],"collection":[{"href":"https:\/\/www.europesays.com\/pt\/wp-json\/wp\/v2\/posts"}],"about":[{"href":"https:\/\/www.europesays.com\/pt\/wp-json\/wp\/v2\/types\/post"}],"author":[{"embeddable":true,"href":"https:\/\/www.europesays.com\/pt\/wp-json\/wp\/v2\/users\/2"}],"replies":[{"embeddable":true,"href":"https:\/\/www.europesays.com\/pt\/wp-json\/wp\/v2\/comments?post=220793"}],"version-history":[{"count":0,"href":"https:\/\/www.europesays.com\/pt\/wp-json\/wp\/v2\/posts\/220793\/revisions"}],"wp:featuredmedia":[{"embeddable":true,"href":"https:\/\/www.europesays.com\/pt\/wp-json\/wp\/v2\/media\/220794"}],"wp:attachment":[{"href":"https:\/\/www.europesays.com\/pt\/wp-json\/wp\/v2\/media?parent=220793"}],"wp:term":[{"taxonomy":"category","embeddable":true,"href":"https:\/\/www.europesays.com\/pt\/wp-json\/wp\/v2\/categories?post=220793"},{"taxonomy":"post_tag","embeddable":true,"href":"https:\/\/www.europesays.com\/pt\/wp-json\/wp\/v2\/tags?post=220793"}],"curies":[{"name":"wp","href":"https:\/\/api.w.org\/{rel}","templated":true}]}}