{"id":220807,"date":"2026-01-08T16:37:19","date_gmt":"2026-01-08T16:37:19","guid":{"rendered":"https:\/\/www.europesays.com\/pt\/220807\/"},"modified":"2026-01-08T16:37:19","modified_gmt":"2026-01-08T16:37:19","slug":"cartas-de-conducao-brasileiras-passam-a-ser-validas-em-portugal","status":"publish","type":"post","link":"https:\/\/www.europesays.com\/pt\/220807\/","title":{"rendered":"Cartas de condu\u00e7\u00e3o brasileiras passam a ser v\u00e1lidas em Portugal"},"content":{"rendered":"<p data-remotead-prev-elm=\"true\" data-remotead-elm-id=\"inread\">&#8220;O presidente da Rep\u00fablica assinou hoje o decreto do Governo que aprova o &#8216;Acordo entre a Rep\u00fablica Portuguesa e a Rep\u00fablica Federativa do Brasil sobre o Reconhecimento M\u00fatuo dos T\u00edtulos de Condu\u00e7\u00e3o&#8217;, assinado em Lisboa, em 22 de setembro de 2023&#8221;, segundo uma nota de Imprensa publicada no site da Presid\u00eancia da Rep\u00fablica.<\/p>\n<p>Em setembro de 2023, a ag\u00eancia Lusa j\u00e1 tinha noticiado que o acordo que permite aos motoristas portugueses residentes no Brasil conduzirem com carta de condu\u00e7\u00e3o tirada em Portugal &#8211; e vice-versa &#8211; tinha sido assinado pelo ministro dos Transportes do Brasil, Renan Filho, e pelo ministro portugu\u00eas das Infraestruturas, na altura Jo\u00e3o Galamba, do Partido Socialista (PS), no \u00e2mbito da 13.\u00aa Cimeira Luso-Brasileira.<\/p>\n<p>Agora, com a promulga\u00e7\u00e3o deste acordo por Marcelo Rebelo de Sousa, os condutores brasileiros que moram em Portugal passam a poder usar a &#8220;carteira nacional de habilita\u00e7\u00e3o emitida no Brasil sem necessidade de troca do documento de habilita\u00e7\u00e3o pelo do pa\u00eds estrangeiro&#8221;, como explicou, em 2023, o ministro brasileiro, e o mesmo acontece aos emigrantes portugueses no Brasil.<\/p>\n<p>Condutores com menos de 60 anos<\/p>\n<p data-remotead-prev-elm=\"true\" data-remotead-elm-id=\"centro1\">Segundo o documento assinado pelos ministros portugu\u00eas e brasileiro em 2023, este acordo &#8220;visa estabelecer o reconhecimento m\u00fatuo e as condi\u00e7\u00f5es de troca de t\u00edtulos de condu\u00e7\u00e3o v\u00e1lidos e definitivos emitidos pelas autoridades competentes das partes aos seus nacionais que estabele\u00e7am resid\u00eancia no territ\u00f3rio da outra parte&#8221;, abrangendo condutores com menos de 60 anos.<\/p>\n<p>Por sua vez, foi tamb\u00e9m esclarecido que &#8220;os t\u00edtulos de condu\u00e7\u00e3o reconhecidos (&#8230;) permitem a condu\u00e7\u00e3o durante 185 dias, contados da entrada no territ\u00f3rio da outra parte, antes do estabelecimento de resid\u00eancia&#8221; e que podem conduzir no territ\u00f3rio &#8220;da outra parte os titulares de t\u00edtulos de condu\u00e7\u00e3o referidos (&#8230;) que tenham resid\u00eancia naquele territ\u00f3rio&#8221;.<\/p>\n<p>Por outro lado, os t\u00edtulos de condu\u00e7\u00e3o fora do prazo de validade n\u00e3o s\u00e3o suscet\u00edveis de reconhecimento.<\/p>\n<p>O documento esclarece ainda que o acordo luso-brasileiro entrar\u00e1 em vigor 30 dias ap\u00f3s a data da rece\u00e7\u00e3o da \u00faltima notifica\u00e7\u00e3o, por escrito e por via diplom\u00e1tica, &#8220;de que foram cumpridos os requisitos de Direito interno das partes necess\u00e1rios para o efeito&#8221;.<\/p>\n","protected":false},"excerpt":{"rendered":"&#8220;O presidente da Rep\u00fablica assinou hoje o decreto do Governo que aprova o &#8216;Acordo entre a Rep\u00fablica Portuguesa&hellip;\n","protected":false},"author":2,"featured_media":220808,"comment_status":"","ping_status":"","sticky":false,"template":"","format":"standard","meta":{"footnotes":""},"categories":[10],"tags":[726,27,28,6896,15,16,14,25,26,21,22,619,12,13,19,20,32,23,24,33,17,18,29,30,31],"class_list":{"0":"post-220807","1":"post","2":"type-post","3":"status-publish","4":"format-standard","5":"has-post-thumbnail","7":"category-portugal","8":"tag-brasil","9":"tag-breaking-news","10":"tag-breakingnews","11":"tag-cartas-de-conducao","12":"tag-featured-news","13":"tag-featurednews","14":"tag-headlines","15":"tag-latest-news","16":"tag-latestnews","17":"tag-main-news","18":"tag-mainnews","19":"tag-nacional","20":"tag-news","21":"tag-noticias","22":"tag-noticias-principais","23":"tag-noticiasprincipais","24":"tag-portugal","25":"tag-principais-noticias","26":"tag-principaisnoticias","27":"tag-pt","28":"tag-top-stories","29":"tag-topstories","30":"tag-ultimas","31":"tag-ultimas-noticias","32":"tag-ultimasnoticias"},"share_on_mastodon":{"url":"https:\/\/pubeurope.com\/@pt\/115860461637892754","error":""},"_links":{"self":[{"href":"https:\/\/www.europesays.com\/pt\/wp-json\/wp\/v2\/posts\/220807","targetHints":{"allow":["GET"]}}],"collection":[{"href":"https:\/\/www.europesays.com\/pt\/wp-json\/wp\/v2\/posts"}],"about":[{"href":"https:\/\/www.europesays.com\/pt\/wp-json\/wp\/v2\/types\/post"}],"author":[{"embeddable":true,"href":"https:\/\/www.europesays.com\/pt\/wp-json\/wp\/v2\/users\/2"}],"replies":[{"embeddable":true,"href":"https:\/\/www.europesays.com\/pt\/wp-json\/wp\/v2\/comments?post=220807"}],"version-history":[{"count":0,"href":"https:\/\/www.europesays.com\/pt\/wp-json\/wp\/v2\/posts\/220807\/revisions"}],"wp:featuredmedia":[{"embeddable":true,"href":"https:\/\/www.europesays.com\/pt\/wp-json\/wp\/v2\/media\/220808"}],"wp:attachment":[{"href":"https:\/\/www.europesays.com\/pt\/wp-json\/wp\/v2\/media?parent=220807"}],"wp:term":[{"taxonomy":"category","embeddable":true,"href":"https:\/\/www.europesays.com\/pt\/wp-json\/wp\/v2\/categories?post=220807"},{"taxonomy":"post_tag","embeddable":true,"href":"https:\/\/www.europesays.com\/pt\/wp-json\/wp\/v2\/tags?post=220807"}],"curies":[{"name":"wp","href":"https:\/\/api.w.org\/{rel}","templated":true}]}}