{"id":220811,"date":"2026-01-08T16:39:28","date_gmt":"2026-01-08T16:39:28","guid":{"rendered":"https:\/\/www.europesays.com\/pt\/220811\/"},"modified":"2026-01-08T16:39:28","modified_gmt":"2026-01-08T16:39:28","slug":"gretchen-comemora-volta-de-seu-hit-as-paradas-apos-quase-50-anos","status":"publish","type":"post","link":"https:\/\/www.europesays.com\/pt\/220811\/","title":{"rendered":"Gretchen comemora volta de seu hit \u00e0s paradas ap\u00f3s quase 50 anos"},"content":{"rendered":"<p>\n                        A can\u00e7\u00e3o &#8220;Freak le boom boom&#8221; volta a viralizar nas redes sociais com v\u00eddeos de performances da artista Gretchen\n                    <\/p>\n<ul class=\"article__header__author\">\n<li class=\"article__header__author__item\">\n                                                Por:<br \/>\n                                                                                    Maria Flor Neder \/ Contigo\n                                                                        <\/li>\n<\/ul>\n<p class=\"text\">Ap\u00f3s quase 47 anos de seu lan\u00e7amento, o hit da cantora <a href=\"https:\/\/www.terra.com.br\/tudo-sobre\/gretchen\" target=\"_self\" rel=\"nofollow noopener\">Gretchen<\/a>, &#8220;Freak le boom boom&#8221;, voltou as paradas de m\u00fasicas brasileiras. Nas redes sociais, X, antigo Twitter, e Tiktok, a can\u00e7\u00e3o de 1979 retornou pra boca do povo, ap\u00f3s v\u00eddeos da cantora mexendo os ombros em programas de audit\u00f3rio, ou mesmo com influenciadores tentando reproduzir a performance da artista come\u00e7arem a bombar.<\/p>\n<p><img loading=\"lazy\" decoding=\"async\" alt=\"Gretchen\" class=\"img-58efba74cc26fc3737aab57508884a00rcg13sqf\" height=\"435\" src=\"https:\/\/www.europesays.com\/pt\/wp-content\/uploads\/2026\/01\/436004957-gretchen-se-pronuncia-ao-vencer-processo-contra-o-youtube-proteger-a-minha-identidade.png\"  title=\"Gretchen\" width=\"774\"\/><\/p>\n<p>Gretchen<\/p>\n<p>Foto: Reprodu\u00e7\u00e3o\/ Instagram \/ Contigo<\/p>\n<p class=\"text\">&#8220;Eu estou amando essa intera\u00e7\u00e3o, voc\u00eas est\u00e3o ouvindo, curtindo, e eu quero continuar pr\u00f3xima de voc\u00eas. Quero marcar um encontrinho, principalmente com a galera do X. Seria muito legal voc\u00eas me conhecerem pessoalmente, saberem como eu sou fora das redes&#8221;, disse a cantora, animada com a nova viraliza\u00e7\u00e3o de seu hit, no Instagram.<\/p>\n<p class=\"text\">A cantora contou, que tamb\u00e9m espera que aconte\u00e7a um encontro presencial com seus f\u00e3s das redes sociais, que ajudaram a impulsionar o sucesso da rainha do rebolado.<\/p>\n<p class=\"text\">&#8220;Pela internet tudo \u00e9 muito r\u00e1pido, tem um tempo e a live cai. Eu queria muito reunir a galera do X, do TikTok, do Instagram, do Facebook. Vamos fazer isso com certeza. Acho que seria melhor a gente combinar ou em S\u00e3o Paulo, ou em Bel\u00e9m&#8221;, falou Gretchen.<\/p>\n<p>Hit do carnaval?<\/p>\n<p class=\"text\">A m\u00e3e de<strong> Thammy Miranda<\/strong>, revelou que um novo remix da m\u00fasica j\u00e1 est\u00e1 pronto pro pr\u00f3ximo carnaval. Produzido por seu outro filho Gabriel, o remix j\u00e1 est\u00e1 pronto para ser lan\u00e7ado no feriado de Folia. Ela esclareceu que o remix n\u00e3o se trata da vers\u00e3o original da m\u00fasica.<\/p>\n<p class=\"text\">Ainda segundo Gretchen, DJ respons\u00e1vel <strong>Mister Sam<\/strong>, j\u00e1 lan\u00e7ou um remix oficial e completo.<\/p>\n<p class=\"text\">&#8220;Esse remix, na verdade, \u00e9 uma adapta\u00e7\u00e3o do original. Mas, para ser hit de Carnaval, precisa ter a cara do Carnaval. Meu filho Gabriel \u00e9 DJ aqui na Fran\u00e7a e eu pedi para ele criar esse remix em ritmo de Carnaval. Vai sair ainda nesta semana, sem falta. Esse foi autorizado por mim, eu escolhi a produ\u00e7\u00e3o. O original vai continuar l\u00e1, esse \u00e9 espec\u00edfico para o Carnaval. Eu amei, tinha que ser algo diferente&#8221;, finalizou a cantora.<\/p>\n<blockquote class=\"instagram-media\" data-instgrm-captioned=\"\" data-instgrm-permalink=\"https:\/\/www.instagram.com\/reel\/DTNvZhNiDA6\/?utm_source=ig_embed&amp;utm_campaign=loading\" data-instgrm-version=\"14\" style=\"background: #FFF; border: 0; border-radius: 3px; box-shadow: 0 0 1px 0 rgba(0,0,0,0.5),0 1px 10px 0 rgba(0,0,0,0.15); margin: 1px; max-width: 540px; min-width: 326px; padding: 0; width: calc(100% - 2px);\">\n<p>     Ver essa foto no Instagram <\/p>\n<p class=\"text\" style=\"color: #c9c8cd; font-family: Arial,sans-serif; font-size: 14px; line-height: 17px; margin-bottom: 0; margin-top: 8px; overflow: hidden; padding: 8px 0 7px; text-align: center; text-overflow: ellipsis; white-space: nowrap;\"><a href=\"https:\/\/www.instagram.com\/reel\/DTNvZhNiDA6\/?utm_source=ig_embed&amp;utm_campaign=loading\" rel=\"noopener nofollow\" style=\"color: #c9c8cd; font-family: Arial,sans-serif; font-size: 14px; font-style: normal; font-weight: normal; line-height: 17px; text-decoration: none;\" target=\"_blank\">Um post compartilhado por Gretchen Oficial (@mariagretchen)<\/a><\/p>\n<\/blockquote>\n<p>                            <script async src=\"\/\/www.instagram.com\/embed.js\"><\/script><\/p>\n","protected":false},"excerpt":{"rendered":"A can\u00e7\u00e3o &#8220;Freak le boom boom&#8221; volta a viralizar nas redes sociais com v\u00eddeos de performances da artista&hellip;\n","protected":false},"author":2,"featured_media":220812,"comment_status":"","ping_status":"","sticky":false,"template":"","format":"standard","meta":{"footnotes":""},"categories":[145],"tags":[211,210,114,115,32,33],"class_list":{"0":"post-220811","1":"post","2":"type-post","3":"status-publish","4":"format-standard","5":"has-post-thumbnail","7":"category-celebridades","8":"tag-celebridades","9":"tag-celebrities","10":"tag-entertainment","11":"tag-entretenimento","12":"tag-portugal","13":"tag-pt"},"share_on_mastodon":{"url":"https:\/\/pubeurope.com\/@pt\/115860469434289968","error":""},"_links":{"self":[{"href":"https:\/\/www.europesays.com\/pt\/wp-json\/wp\/v2\/posts\/220811","targetHints":{"allow":["GET"]}}],"collection":[{"href":"https:\/\/www.europesays.com\/pt\/wp-json\/wp\/v2\/posts"}],"about":[{"href":"https:\/\/www.europesays.com\/pt\/wp-json\/wp\/v2\/types\/post"}],"author":[{"embeddable":true,"href":"https:\/\/www.europesays.com\/pt\/wp-json\/wp\/v2\/users\/2"}],"replies":[{"embeddable":true,"href":"https:\/\/www.europesays.com\/pt\/wp-json\/wp\/v2\/comments?post=220811"}],"version-history":[{"count":0,"href":"https:\/\/www.europesays.com\/pt\/wp-json\/wp\/v2\/posts\/220811\/revisions"}],"wp:featuredmedia":[{"embeddable":true,"href":"https:\/\/www.europesays.com\/pt\/wp-json\/wp\/v2\/media\/220812"}],"wp:attachment":[{"href":"https:\/\/www.europesays.com\/pt\/wp-json\/wp\/v2\/media?parent=220811"}],"wp:term":[{"taxonomy":"category","embeddable":true,"href":"https:\/\/www.europesays.com\/pt\/wp-json\/wp\/v2\/categories?post=220811"},{"taxonomy":"post_tag","embeddable":true,"href":"https:\/\/www.europesays.com\/pt\/wp-json\/wp\/v2\/tags?post=220811"}],"curies":[{"name":"wp","href":"https:\/\/api.w.org\/{rel}","templated":true}]}}