{"id":220813,"date":"2026-01-08T16:42:14","date_gmt":"2026-01-08T16:42:14","guid":{"rendered":"https:\/\/www.europesays.com\/pt\/220813\/"},"modified":"2026-01-08T16:42:14","modified_gmt":"2026-01-08T16:42:14","slug":"em-dia-especial-marcia-soares-declara-se-a-ex-concorrente-do-big-brother-amo-te","status":"publish","type":"post","link":"https:\/\/www.europesays.com\/pt\/220813\/","title":{"rendered":"Em dia especial, Marcia Soares declara-se a ex-concorrente do &#8220;Big Brother&#8221;: &#8220;Amo-te&#8221;"},"content":{"rendered":"<p>J\u00e9ssica Vieira celebra, esta quinta-feira, dia 8, mais um anivers\u00e1rio, uma data que Marcia Soares n\u00e3o deixou passar em branco.<\/p>\n<p>No Instagram, a comentadora de reality shows da <a href=\"https:\/\/tvi.iol.pt\/\" target=\"_blank\" rel=\"nofollow noopener\">TVI<\/a> recuperou uma partilha feita na mesma rede social, aquando do &#8220;<a href=\"https:\/\/tvi.iol.pt\/bigbrother\/\" target=\"_blank\" rel=\"nofollow noopener\">Big Brother<\/a> Ver\u00e3o&#8221;, de que a amiga foi vencedora. &#8220;Podia dizer muita coisa sobre ela, mas hoje s\u00f3 quero dizer que sinto muito orgulho do mulher\u00e3o que ela \u00e9! O tempo vai provar isso todos os dias!&#8221;, escreveu, a 1 de agosto do ano passado.<\/p>\n<p>Agora, como forma de assinalar uma data especial na vida de J\u00e9ssica Vieira, <a href=\"https:\/\/selfie.iol.pt\/famosos\/marcia-soares\/vida-de-marcia-soares-mudou-ha-dois-anos-sei-que-fui-uma-sortuda\/20260101\/6941bb04d34e2bd5c6d52f51\" target=\"_blank\" rel=\"nofollow noopener\">Marcia Soares<\/a> n\u00e3o apresentou d\u00favidas. &#8220;E o tempo provou&#8221;, salientou, colocando um emoji em forma de cora\u00e7\u00e3o. &#8220;Parab\u00e9ns, minha amiga! Amo-te&#8221;, declarou-se ainda a tamb\u00e9m influenciadora digital.<\/p>\n<p>Veja, agora, nas galerias que prepar\u00e1mos para si, as melhores imagens de <a href=\"https:\/\/selfie.iol.pt\/famosos\/marcia-soares\/transtornada-com-morte-de-maycon-douglas-marcia-soares-abre-o-coracao-nao-deixem-a-vida-passar-sem-ser-vivida\/20260108\/695f86fed34e0ec52ec1d516\" target=\"_blank\" rel=\"nofollow noopener\">Marcia Soares<\/a> e J\u00e9ssica Vieira.<\/p>\n<p style=\"text-align:center\"><img loading=\"lazy\" decoding=\"async\" alt=\"\" height=\"897\" src=\"https:\/\/www.europesays.com\/pt\/wp-content\/uploads\/2026\/01\/695fc62cd34e92a344972553.webp\" width=\"500\"\/><\/p>\n<p>\u00a0<\/p>\n","protected":false},"excerpt":{"rendered":"J\u00e9ssica Vieira celebra, esta quinta-feira, dia 8, mais um anivers\u00e1rio, uma data que Marcia Soares n\u00e3o deixou passar&hellip;\n","protected":false},"author":2,"featured_media":220814,"comment_status":"","ping_status":"","sticky":false,"template":"","format":"standard","meta":{"footnotes":""},"categories":[142],"tags":[996,6308,48,1170,114,115,6309,980,1015,1417,2038,619,32,33,1014,1012,151,162],"class_list":{"0":"post-220813","1":"post","2":"type-post","3":"status-publish","4":"format-standard","5":"has-post-thumbnail","7":"category-tv","8":"tag-aniversario","9":"tag-bb","10":"tag-big-brother","11":"tag-big-brother-verao","12":"tag-entertainment","13":"tag-entretenimento","14":"tag-ex-concorrente","15":"tag-famosos","16":"tag-instagram","17":"tag-jessica-vieira","18":"tag-marcia-soares","19":"tag-nacional","20":"tag-portugal","21":"tag-pt","22":"tag-reality-show","23":"tag-selfie","24":"tag-tv","25":"tag-tvi"},"share_on_mastodon":{"url":"https:\/\/pubeurope.com\/@pt\/115860481165218508","error":""},"_links":{"self":[{"href":"https:\/\/www.europesays.com\/pt\/wp-json\/wp\/v2\/posts\/220813","targetHints":{"allow":["GET"]}}],"collection":[{"href":"https:\/\/www.europesays.com\/pt\/wp-json\/wp\/v2\/posts"}],"about":[{"href":"https:\/\/www.europesays.com\/pt\/wp-json\/wp\/v2\/types\/post"}],"author":[{"embeddable":true,"href":"https:\/\/www.europesays.com\/pt\/wp-json\/wp\/v2\/users\/2"}],"replies":[{"embeddable":true,"href":"https:\/\/www.europesays.com\/pt\/wp-json\/wp\/v2\/comments?post=220813"}],"version-history":[{"count":0,"href":"https:\/\/www.europesays.com\/pt\/wp-json\/wp\/v2\/posts\/220813\/revisions"}],"wp:featuredmedia":[{"embeddable":true,"href":"https:\/\/www.europesays.com\/pt\/wp-json\/wp\/v2\/media\/220814"}],"wp:attachment":[{"href":"https:\/\/www.europesays.com\/pt\/wp-json\/wp\/v2\/media?parent=220813"}],"wp:term":[{"taxonomy":"category","embeddable":true,"href":"https:\/\/www.europesays.com\/pt\/wp-json\/wp\/v2\/categories?post=220813"},{"taxonomy":"post_tag","embeddable":true,"href":"https:\/\/www.europesays.com\/pt\/wp-json\/wp\/v2\/tags?post=220813"}],"curies":[{"name":"wp","href":"https:\/\/api.w.org\/{rel}","templated":true}]}}