{"id":220815,"date":"2026-01-08T16:44:07","date_gmt":"2026-01-08T16:44:07","guid":{"rendered":"https:\/\/www.europesays.com\/pt\/220815\/"},"modified":"2026-01-08T16:44:07","modified_gmt":"2026-01-08T16:44:07","slug":"jackass-5-e-anunciado-oficialmente-para-2026","status":"publish","type":"post","link":"https:\/\/www.europesays.com\/pt\/220815\/","title":{"rendered":"Jackass 5 \u00e9 anunciado oficialmente para 2026"},"content":{"rendered":"<p class=\"wp-block-yoast-seo-estimated-reading-time yoast-reading-time__wrapper\">Estimated reading time: 2 minutos<\/p>\n<p>Nesta quinta-feira (8), recebemos a primeira grande surpresa do ano: teremos um <a href=\"https:\/\/ovicio.com.br\/tag\/Jackass-5\/\" target=\"_blank\" rel=\"noreferrer noopener nofollow\">Jackass 5<\/a>, e o filme ser\u00e1 lan\u00e7ado ainda em 2026!<\/p>\n<p>O an\u00fancio foi feito nas redes sociais por <strong>Johnny Knoxville<\/strong>. A estreia est\u00e1 marcada para 26 de junho nos EUA. Por enquanto, n\u00e3o est\u00e1 claro quando o filme chegar\u00e1 ao Brasil, mas a distribui\u00e7\u00e3o est\u00e1 confirmada pela <strong>Paramount Pictures<\/strong>.<\/p>\n<p>&#8220;<strong>Eita n\u00f3s, segura essa! Estamos come\u00e7ando o ano com tudo. Quer\u00edamos avisar que, no meio o ano, o Jackass estar\u00e1 de volta!! Nos vemos nos cinemas em 26 de junho. Vem muito mais por a\u00ed, mas quer\u00edamos que voc\u00eas soubessem primeiro por aqui!<\/strong>&#8221; escreveu <strong>Knoxville<\/strong> no <strong>Instagram<\/strong>.<\/p>\n<blockquote class=\"instagram-media\" data-instgrm-captioned=\"\" data-instgrm-permalink=\"https:\/\/www.instagram.com\/p\/DTPFikrEXfX\/?utm_source=ig_embed&amp;utm_campaign=loading\" data-instgrm-version=\"14\" style=\" background:#FFF; border:0; border-radius:3px; box-shadow:0 0 1px 0 rgba(0,0,0,0.5),0 1px 10px 0 rgba(0,0,0,0.15); margin: 1px; max-width:540px; min-width:326px; padding:0; width:99.375%; width:-webkit-calc(100% - 2px); width:calc(100% - 2px);\"\/>\n<p>O elenco de <strong>Jackass 5 (2026)<\/strong> ainda n\u00e3o foi anunciado, mas \u00e9 improv\u00e1vel que<strong> Bam Margera<\/strong> retorne. O membro da forma\u00e7\u00e3o original foi cortado do quarto filme por viola\u00e7\u00e3o de contrato relacionada ao abuso de subst\u00e2ncias. Recentemente, ele declarou \u00e0 imprensa: \u201c<strong>Dinheiro nenhum me convenceria a fazer outro Jackass<\/strong>\u201d.<\/p>\n<p>Leia mais sobre Jackass<script async src=\"\/\/www.instagram.com\/embed.js\"><\/script><\/p>\n","protected":false},"excerpt":{"rendered":"Estimated reading time: 2 minutos Nesta quinta-feira (8), recebemos a primeira grande surpresa do ano: teremos um Jackass&hellip;\n","protected":false},"author":2,"featured_media":220816,"comment_status":"","ping_status":"","sticky":false,"template":"","format":"standard","meta":{"footnotes":""},"categories":[140],"tags":[1661,114,115,147,148,42734,42735,32444,146,32,33],"class_list":{"0":"post-220815","1":"post","2":"type-post","3":"status-publish","4":"format-standard","5":"has-post-thumbnail","7":"category-filmes","8":"tag-destaque","9":"tag-entertainment","10":"tag-entretenimento","11":"tag-film","12":"tag-filmes","13":"tag-jackass","14":"tag-jackass-5","15":"tag-johnny-knoxville","16":"tag-movies","17":"tag-portugal","18":"tag-pt"},"share_on_mastodon":{"url":"https:\/\/pubeurope.com\/@pt\/115860489123942786","error":""},"_links":{"self":[{"href":"https:\/\/www.europesays.com\/pt\/wp-json\/wp\/v2\/posts\/220815","targetHints":{"allow":["GET"]}}],"collection":[{"href":"https:\/\/www.europesays.com\/pt\/wp-json\/wp\/v2\/posts"}],"about":[{"href":"https:\/\/www.europesays.com\/pt\/wp-json\/wp\/v2\/types\/post"}],"author":[{"embeddable":true,"href":"https:\/\/www.europesays.com\/pt\/wp-json\/wp\/v2\/users\/2"}],"replies":[{"embeddable":true,"href":"https:\/\/www.europesays.com\/pt\/wp-json\/wp\/v2\/comments?post=220815"}],"version-history":[{"count":0,"href":"https:\/\/www.europesays.com\/pt\/wp-json\/wp\/v2\/posts\/220815\/revisions"}],"wp:featuredmedia":[{"embeddable":true,"href":"https:\/\/www.europesays.com\/pt\/wp-json\/wp\/v2\/media\/220816"}],"wp:attachment":[{"href":"https:\/\/www.europesays.com\/pt\/wp-json\/wp\/v2\/media?parent=220815"}],"wp:term":[{"taxonomy":"category","embeddable":true,"href":"https:\/\/www.europesays.com\/pt\/wp-json\/wp\/v2\/categories?post=220815"},{"taxonomy":"post_tag","embeddable":true,"href":"https:\/\/www.europesays.com\/pt\/wp-json\/wp\/v2\/tags?post=220815"}],"curies":[{"name":"wp","href":"https:\/\/api.w.org\/{rel}","templated":true}]}}