{"id":220817,"date":"2026-01-08T16:45:12","date_gmt":"2026-01-08T16:45:12","guid":{"rendered":"https:\/\/www.europesays.com\/pt\/220817\/"},"modified":"2026-01-08T16:45:12","modified_gmt":"2026-01-08T16:45:12","slug":"o-dinheiro-nao-compra-tudo-cristiano-ronaldo-viu-a-sua-proposta-ser-recusada","status":"publish","type":"post","link":"https:\/\/www.europesays.com\/pt\/220817\/","title":{"rendered":"O dinheiro n\u00e3o compra tudo: Cristiano Ronaldo viu a sua proposta ser recusada"},"content":{"rendered":"<p data-end=\"323\" data-start=\"21\">Cristiano Ronaldo, uma das maiores estrelas do futebol mundial, poder\u00e1 estar a ponderar a venda da sua mans\u00e3o na Quinta da Marinha, sobretudo devido \u00e0 falta de privacidade. Contudo, antes disso, a imponente resid\u00eancia poder\u00e1 servir de &#8216;palco&#8217; para a cerim\u00f3nia de casamento com Georgina Rodr\u00edguez, conforma avan\u00e7ado esta quinta-feira, 8 de janeiro de 2026, pelo\u00a0<strong><a href=\"https:\/\/tvi.iol.pt\/vmais\/programa\/v-fama\/66aa431ed34ea1acf26cda0d\" target=\"_blank\" rel=\"nofollow noopener\">V+ Fama<\/a>.<\/strong><\/p>\n<p data-end=\"323\" data-start=\"21\">O craque portugu\u00eas tentou, h\u00e1 pouco mais de um ano, refor\u00e7ar a exclusividade da propriedade, mas acabou por enfrentar um obst\u00e1culo inesperado. Com o objetivo de garantir maior resguardo \u00e0 mesma, Cristiano Ronaldo apresentou uma proposta para adquirir uma parcela de terreno adjacente \u00e0 sua casa, pertencente ao prestigiado hotel The Oitavos, localizado numa das zonas mais exclusivas da regi\u00e3o. No entanto, segundo foi noticiado pela imprensa na altura, a oferta acabou por ser recusada, inviabilizando o alargamento dos limites da propriedade.<\/p>\n<p data-end=\"941\" data-start=\"720\">A inten\u00e7\u00e3o passava por expandir o per\u00edmetro da \u00e1rea residencial, criando uma esp\u00e9cie de zona de prote\u00e7\u00e3o que assegurasse maior privacidade e seguran\u00e7a, fatores considerados essenciais para uma figura p\u00fablica do seu n\u00edvel.<\/p>\n<p data-end=\"1527\" data-start=\"943\">Apesar da vontade manifestada por Cristiano Ronaldo, tudo indica que o hotel The Oitavos, integrado no complexo da Quinta da Marinha, optou por n\u00e3o aceitar a proposta. O hotel de luxo, reconhecido pela sua arquitetura contempor\u00e2nea e localiza\u00e7\u00e3o privilegiada, encontra-se inserido no Parque Natural de Sintra-Cascais e disp\u00f5e de extensos terrenos que garantem a privacidade dos h\u00f3spedes e a preserva\u00e7\u00e3o da paisagem natural envolvente. A administra\u00e7\u00e3o ter\u00e1 entendido que a venda de parte do terreno n\u00e3o estaria alinhada com a pol\u00edtica de preserva\u00e7\u00e3o ambiental e com a imagem do espa\u00e7o.<\/p>\n<p data-end=\"1972\" data-start=\"1529\">A recusa poder\u00e1, assim, estar relacionada com o compromisso do The Oitavos em manter intacto o ambiente natural e a privacidade da sua propriedade, que inclui um campo de golfe e vistas amplas sobre o Atl\u00e2ntico. Acresce ainda que a eventual aliena\u00e7\u00e3o de terrenos poderia alterar a din\u00e2mica e a configura\u00e7\u00e3o da \u00e1rea circundante, algo que o hotel poder\u00e1 querer evitar para salvaguardar a identidade e exclusividade que oferece aos seus clientes.<\/p>\n<p data-end=\"2223\" data-start=\"1974\">Este n\u00e3o foi, ao que tudo indica, o \u00fanico contratempo enfrentado por Cristiano Ronaldo em rela\u00e7\u00e3o a esta propriedade, desenhada pelo arquiteto Vitor Vitorino. O jogador teve tamb\u00e9m de lidar com diversos problemas ao longo das obras, iniciadas em 2020, e que apenas agora ficaram conclu\u00eddas.<\/p>\n<p data-end=\"718\" data-start=\"325\">A constru\u00e7\u00e3o desta mans\u00e3o, situada numa das zonas residenciais mais exclusivas da Grande Lisboa, reflete igualmente a forte liga\u00e7\u00e3o de Cristiano Ronaldo a Portugal. Apesar de viver no estrangeiro por motivos profissionais, o futebolista tem demonstrado de forma consistente a inten\u00e7\u00e3o de investir no pa\u00eds, sendo propriet\u00e1rio de v\u00e1rios im\u00f3veis em Lisboa e no Algarve, al\u00e9m do seu hotel na Madeira. Esta resid\u00eancia representa mais um investimento significativo em territ\u00f3rio nacional, refor\u00e7ando o v\u00ednculo do jogador \u00e0s suas origens.<\/p>\n<p data-end=\"3147\" data-start=\"2758\">Para j\u00e1, n\u00e3o \u00e9 certo que Cristiano Ronaldo avance com a venda do im\u00f3vel, avaliado em cerca de 35 milh\u00f5es de euros. Ainda assim, este epis\u00f3dio evidencia que, independentemente da fama e do sucesso, at\u00e9 figuras altamente influentes podem enfrentar obst\u00e1culos quando se trata de concretizar ambi\u00e7\u00f5es imobili\u00e1rias, sobretudo em zonas sujeitas a regras rigorosas de preserva\u00e7\u00e3o e exclusividade.<\/p>\n<p data-end=\"3147\" data-start=\"2758\">Veja as fotos da casa, bem como imagens de um outro im\u00f3vel da autoria do mesmo arquiteto, localizada tamb\u00e9m na Quinta da Marinha, nas galerias em cima.<\/p>\n","protected":false},"excerpt":{"rendered":"Cristiano Ronaldo, uma das maiores estrelas do futebol mundial, poder\u00e1 estar a ponderar a venda da sua mans\u00e3o&hellip;\n","protected":false},"author":2,"featured_media":220818,"comment_status":"","ping_status":"","sticky":false,"template":"","format":"standard","meta":{"footnotes":""},"categories":[87],"tags":[73,72,66,667,135,77,69,75,1874,71,67,32,33,76,74,134,70,35,78,68],"class_list":{"0":"post-220817","1":"post","2":"type-post","3":"status-publish","4":"format-standard","5":"has-post-thumbnail","7":"category-desporto","8":"tag-a-jornada","9":"tag-bate-bola","10":"tag-bom-dia-alegria","11":"tag-cristiano-ronaldo","12":"tag-desporto","13":"tag-estudio-estadio","14":"tag-fanaticos","15":"tag-livre-e-direto","16":"tag-mansao","17":"tag-nova-geracao","18":"tag-para-si","19":"tag-portugal","20":"tag-pt","21":"tag-segredos-do-prazer","22":"tag-segue-o-jogo","23":"tag-sports","24":"tag-super-craques","25":"tag-transferencias","26":"tag-v-fama","27":"tag-var-aberto"},"share_on_mastodon":{"url":"https:\/\/pubeurope.com\/@pt\/115860493060470725","error":""},"_links":{"self":[{"href":"https:\/\/www.europesays.com\/pt\/wp-json\/wp\/v2\/posts\/220817","targetHints":{"allow":["GET"]}}],"collection":[{"href":"https:\/\/www.europesays.com\/pt\/wp-json\/wp\/v2\/posts"}],"about":[{"href":"https:\/\/www.europesays.com\/pt\/wp-json\/wp\/v2\/types\/post"}],"author":[{"embeddable":true,"href":"https:\/\/www.europesays.com\/pt\/wp-json\/wp\/v2\/users\/2"}],"replies":[{"embeddable":true,"href":"https:\/\/www.europesays.com\/pt\/wp-json\/wp\/v2\/comments?post=220817"}],"version-history":[{"count":0,"href":"https:\/\/www.europesays.com\/pt\/wp-json\/wp\/v2\/posts\/220817\/revisions"}],"wp:featuredmedia":[{"embeddable":true,"href":"https:\/\/www.europesays.com\/pt\/wp-json\/wp\/v2\/media\/220818"}],"wp:attachment":[{"href":"https:\/\/www.europesays.com\/pt\/wp-json\/wp\/v2\/media?parent=220817"}],"wp:term":[{"taxonomy":"category","embeddable":true,"href":"https:\/\/www.europesays.com\/pt\/wp-json\/wp\/v2\/categories?post=220817"},{"taxonomy":"post_tag","embeddable":true,"href":"https:\/\/www.europesays.com\/pt\/wp-json\/wp\/v2\/tags?post=220817"}],"curies":[{"name":"wp","href":"https:\/\/api.w.org\/{rel}","templated":true}]}}