{"id":220819,"date":"2026-01-08T16:46:07","date_gmt":"2026-01-08T16:46:07","guid":{"rendered":"https:\/\/www.europesays.com\/pt\/220819\/"},"modified":"2026-01-08T16:46:07","modified_gmt":"2026-01-08T16:46:07","slug":"anvisa-aprova-o-lecanemabe-novo-medicamento-para-alzheimer-em-estagio-inicial-jota-info","status":"publish","type":"post","link":"https:\/\/www.europesays.com\/pt\/220819\/","title":{"rendered":"Anvisa aprova o Lecanemabe, novo medicamento para Alzheimer em est\u00e1gio inicial &#8211; JOTA Info"},"content":{"rendered":"<ol>\n<li><a href=\"https:\/\/news.google.com\/rss\/articles\/CBMiqAFBVV95cUxOZkszb21CUGo3OTZFS1NGTXp2WDk4YWpwSUI2SWxGNWpSajF0b2JwMUJwQkYtN2Y5SVAyX1ZPNFRxQ0FsQ19mVVNfOU1BSjZGZ0JqWWtDV0lKU2hoYXBUc1RyTmM5UUsxTEotX1VybTBwLWF5Z1RKWnlpUnpTSEJ4YjdlRDBkaVExbGtvVlZocm1ZQzhvdE05RmtNUDNvOXN4a243VDJ4WjQ?oc=5\" target=\"_blank\" rel=\"nofollow noopener\">Anvisa aprova o Lecanemabe, novo medicamento para Alzheimer em est\u00e1gio inicial<\/a>&nbsp;&nbsp;JOTA Info<\/li>\n<li><a href=\"https:\/\/news.google.com\/rss\/articles\/CBMiygFBVV95cUxPZ0EyQklRYnNjMy02UTN0Z3pycWJCRlJmcmtNTml0RHdlMGRaX3ZJcHJLQTZrSi14dmo5Q1lIQzR2VE1JdWFLWEZkOW1BRExsbENVQ1JZa1hYdFdUTW5sZ015LWZNM3FPZm1kZDh2Rm1sX29QVnJ4N1N6ZTZCNXZ3bEZjV3BlQV9aRllGM1R2NGVlN0R6LWoxWGN0NzV5bHZ6X2cwNmxCcjZfUTVfNHA1aWhkeHdxcWlFalUwbzhXZm9RWm5iTnhveUpn0gHYAUFVX3lxTE1DcEVxaElaYVF5dnRNZ2lUQ3J1cnJ2akZKSExaQnRNa1NWZkVnS3hEUzlyQWZ1RHBoa1JibnFERmlGcGdkSkxFbi1KcjdUTTRCOTVJMFFFc21ZejNyM1BvWGlSTzYyRjBFa0haM3JVNXU2bjYyU3JtczhFSXUtbl9OeHNPRHlnYmZkY1Q5NGZZTU40NHpzdWp6Tm9NbHFaSE1qeHROWmVTOTZVREZfOU1EclVGWVBBWEo4MDZaR180Y0RheERIX3M5dS1tN2RhMFRlZG9yYV9KMA?oc=5\" target=\"_blank\" rel=\"nofollow noopener\">Leqembi: Anvisa libera novo medicamento contra o Alzheimer<\/a>&nbsp;&nbsp;G1<\/li>\n<li><a href=\"https:\/\/news.google.com\/rss\/articles\/CBMi1gFBVV95cUxOdjNjQWhRTDFoSGVfdXI3REttNTlfUkRwQ2YzakJLWVB3X3dJYVM4REdYRGtrd2hWMUp6NlBOSEZsQ1dmcG8tXy1uUUVObjhCaDczZ2RHbFZQSjZUM1ZtajYyVllnSnY2TTA4ZElXeXBPVWJBd21FcHk2THBHVUg5US1rS3ZNdkRBWC05TTRyc1RDQjU0c3V6RURjbjhfUmowdWFaTVptOGJMNVYxY2FZSDVkbTlPWmtIa1pob0FHTU9zdlhVWkRPd3lTZDhEUlFIZ3hYTUZB?oc=5\" target=\"_blank\" rel=\"nofollow noopener\">L\u00facia Helena: Alzheimer: aprovado o rem\u00e9dio que age antes de o c\u00e9rebro ficar com placas<\/a>&nbsp;&nbsp;UOL<\/li>\n<li><a href=\"https:\/\/news.google.com\/rss\/articles\/CBMidEFVX3lxTE1KMkVvVHhlSkRCM3dWMjBjSlRjVTR4dllvQXJ1QVpHbEh5NFhZWU14ckJsckw0YTNuc2hNN2tmbzdvTG03VWliNVZMZlA1SmY4bEhhSGRnWDZEcjZZVnVWdjVINnF0eWFaQ3NSeUVRR21yNE9U?oc=5\" target=\"_blank\" rel=\"nofollow noopener\">Anvisa aprova medicamento para pacientes com Alzheimer em fase inicial<\/a>&nbsp;&nbsp;Metr\u00f3poles<\/li>\n<li><a href=\"https:\/\/news.google.com\/rss\/articles\/CBMiqwFBVV95cUxQMklScHZkWnVrSFduSDgxUjdzMkZXWTdpQTZHdVo1M1JkY3p6SDlFVW9HR1k3QXd4bzFPSFZRcTNUUVZqdzk4bWlsNzlCQjhvVGZmNi1CdzFjX05yd3FHWkswb1JoLVd2SEU2VjdrdkhSdkhWYjFYelkxRmYyMU9rcG9ZUjkxY1VrQWZiclpyQnk5YXNCQm1JaU5BMDMyVU5YZU8zRzJWdmI5RWs?oc=5\" target=\"_blank\" rel=\"nofollow noopener\">Anvisa aprova venda de \u2018Leqembi\u2019, novo medicamento contra Alzheimer<\/a>&nbsp;&nbsp;R7<\/li>\n<\/ol>\n","protected":false},"excerpt":{"rendered":"Anvisa aprova o Lecanemabe, novo medicamento para Alzheimer em est\u00e1gio inicial&nbsp;&nbsp;JOTA Info Leqembi: Anvisa libera novo medicamento contra&hellip;\n","protected":false},"author":2,"featured_media":220820,"comment_status":"","ping_status":"","sticky":false,"template":"","format":"standard","meta":{"footnotes":""},"categories":[86],"tags":[314,5671,116,12014,42736,42737,32,33,117],"class_list":{"0":"post-220819","1":"post","2":"type-post","3":"status-publish","4":"format-standard","5":"has-post-thumbnail","7":"category-saude","8":"tag-alzheimer","9":"tag-anvisa","10":"tag-health","11":"tag-jota-pro-saude","12":"tag-lecanemabe","13":"tag-novo-medicamento","14":"tag-portugal","15":"tag-pt","16":"tag-saude"},"share_on_mastodon":{"url":"https:\/\/pubeurope.com\/@pt\/115860496948487294","error":""},"_links":{"self":[{"href":"https:\/\/www.europesays.com\/pt\/wp-json\/wp\/v2\/posts\/220819","targetHints":{"allow":["GET"]}}],"collection":[{"href":"https:\/\/www.europesays.com\/pt\/wp-json\/wp\/v2\/posts"}],"about":[{"href":"https:\/\/www.europesays.com\/pt\/wp-json\/wp\/v2\/types\/post"}],"author":[{"embeddable":true,"href":"https:\/\/www.europesays.com\/pt\/wp-json\/wp\/v2\/users\/2"}],"replies":[{"embeddable":true,"href":"https:\/\/www.europesays.com\/pt\/wp-json\/wp\/v2\/comments?post=220819"}],"version-history":[{"count":0,"href":"https:\/\/www.europesays.com\/pt\/wp-json\/wp\/v2\/posts\/220819\/revisions"}],"wp:featuredmedia":[{"embeddable":true,"href":"https:\/\/www.europesays.com\/pt\/wp-json\/wp\/v2\/media\/220820"}],"wp:attachment":[{"href":"https:\/\/www.europesays.com\/pt\/wp-json\/wp\/v2\/media?parent=220819"}],"wp:term":[{"taxonomy":"category","embeddable":true,"href":"https:\/\/www.europesays.com\/pt\/wp-json\/wp\/v2\/categories?post=220819"},{"taxonomy":"post_tag","embeddable":true,"href":"https:\/\/www.europesays.com\/pt\/wp-json\/wp\/v2\/tags?post=220819"}],"curies":[{"name":"wp","href":"https:\/\/api.w.org\/{rel}","templated":true}]}}