{"id":220821,"date":"2026-01-08T16:47:08","date_gmt":"2026-01-08T16:47:08","guid":{"rendered":"https:\/\/www.europesays.com\/pt\/220821\/"},"modified":"2026-01-08T16:47:08","modified_gmt":"2026-01-08T16:47:08","slug":"5-pecas-a-nao-perder-em-lisboa-este-mes-nit","status":"publish","type":"post","link":"https:\/\/www.europesays.com\/pt\/220821\/","title":{"rendered":"5 pe\u00e7as a n\u00e3o perder em Lisboa este m\u00eas \u2014 NiT"},"content":{"rendered":"<p>O arranque de janeiro traz boas not\u00edcias para quem gosta de teatro em Lisboa. Entre estreias recentes e produ\u00e7\u00f5es que chegam \u00e0 cidade, os palcos enchem-se de propostas que v\u00e3o do grande musical internacional \u00e0 cria\u00e7\u00e3o contempor\u00e2nea, sem esquecer a com\u00e9dia cl\u00e1ssica e o teatro de autor.<\/p>\n<p>Um dos regressos mais aguardados acontece j\u00e1 esta semana. \u201cCats\u201d, o musical que esteve 18 anos consecutivos na Broadway e 21 na West End, volta a Portugal para uma curta temporada. O espet\u00e1culo passa por Lisboa, no Campo Pequeno, entre 6 e 11 de janeiro, antes de seguir para o Porto. Com m\u00fasica de Andrew Lloyd Webber e a inesquec\u00edvel \u201cMemory\u201d, continua a ser um fen\u00f3meno global, conhecido pela coreografia intensa, figurinos elaborados e uma narrativa que gira em torno do Baile Jellicle e da possibilidade de recome\u00e7o.<\/p>\n<p>Tamb\u00e9m no campo dos grandes espet\u00e1culos, \u201cCarmen Miranda \u2013 O Grande Musical\u201d mant\u00e9m-se em cena no Teatro Politeama desde dezembro. A nova cria\u00e7\u00e3o de Filipe La F\u00e9ria percorre a vida da artista luso-brasileira, da inf\u00e2ncia em Portugal \u00e0 consagra\u00e7\u00e3o internacional, numa superprodu\u00e7\u00e3o que aposta em grandes n\u00fameros musicais, centenas de figurinos e uma celebra\u00e7\u00e3o assumida de Carmen como \u00edcone pop do s\u00e9culo XX.<\/p>\n<p>Em contraste, \u201cVaga Luz\u201d estreia a 9 de janeiro no S\u00e3o Luiz Teatro Municipal. Criado pelo UMCOLETIVO, o espet\u00e1culo parte da \u00fanica encena\u00e7\u00e3o de Fiama Hasse Pais Brand\u00e3o para imaginar o \u201cteatro futuro\u201d que a autora sonhou, cruzando arquivos, poesia e mem\u00f3ria pol\u00edtica numa experi\u00eancia mais introspectiva.\u00a0<\/p>\n<p>Carregue na galeria para descobrir as pe\u00e7as que vai poder ver.\u00a0<\/p>\n","protected":false},"excerpt":{"rendered":"O arranque de janeiro traz boas not\u00edcias para quem gosta de teatro em Lisboa. Entre estreias recentes e&hellip;\n","protected":false},"author":2,"featured_media":220822,"comment_status":"","ping_status":"","sticky":false,"template":"","format":"standard","meta":{"footnotes":""},"categories":[85],"tags":[114,115,32,33],"class_list":{"0":"post-220821","1":"post","2":"type-post","3":"status-publish","4":"format-standard","5":"has-post-thumbnail","7":"category-entretenimento","8":"tag-entertainment","9":"tag-entretenimento","10":"tag-portugal","11":"tag-pt"},"share_on_mastodon":{"url":"https:\/\/pubeurope.com\/@pt\/115860500787113970","error":""},"_links":{"self":[{"href":"https:\/\/www.europesays.com\/pt\/wp-json\/wp\/v2\/posts\/220821","targetHints":{"allow":["GET"]}}],"collection":[{"href":"https:\/\/www.europesays.com\/pt\/wp-json\/wp\/v2\/posts"}],"about":[{"href":"https:\/\/www.europesays.com\/pt\/wp-json\/wp\/v2\/types\/post"}],"author":[{"embeddable":true,"href":"https:\/\/www.europesays.com\/pt\/wp-json\/wp\/v2\/users\/2"}],"replies":[{"embeddable":true,"href":"https:\/\/www.europesays.com\/pt\/wp-json\/wp\/v2\/comments?post=220821"}],"version-history":[{"count":0,"href":"https:\/\/www.europesays.com\/pt\/wp-json\/wp\/v2\/posts\/220821\/revisions"}],"wp:featuredmedia":[{"embeddable":true,"href":"https:\/\/www.europesays.com\/pt\/wp-json\/wp\/v2\/media\/220822"}],"wp:attachment":[{"href":"https:\/\/www.europesays.com\/pt\/wp-json\/wp\/v2\/media?parent=220821"}],"wp:term":[{"taxonomy":"category","embeddable":true,"href":"https:\/\/www.europesays.com\/pt\/wp-json\/wp\/v2\/categories?post=220821"},{"taxonomy":"post_tag","embeddable":true,"href":"https:\/\/www.europesays.com\/pt\/wp-json\/wp\/v2\/tags?post=220821"}],"curies":[{"name":"wp","href":"https:\/\/api.w.org\/{rel}","templated":true}]}}