{"id":220823,"date":"2026-01-08T16:54:12","date_gmt":"2026-01-08T16:54:12","guid":{"rendered":"https:\/\/www.europesays.com\/pt\/220823\/"},"modified":"2026-01-08T16:54:12","modified_gmt":"2026-01-08T16:54:12","slug":"eduardo-antunes-e-o-novo-ceo-da-glintt-global","status":"publish","type":"post","link":"https:\/\/www.europesays.com\/pt\/220823\/","title":{"rendered":"Eduardo Antunes \u00e9 o novo CEO da Glintt Global"},"content":{"rendered":"<p>        Eduardo Antunes assume fun\u00e7\u00f5es como Presidente da Comiss\u00e3o Executiva da Glintt Global. A Comiss\u00e3o Executiva conta ainda com Jo\u00e3o Paulo Cabecinha, Lu\u00eds Esgueva, Miguel Leoc\u00e1dio e Pedro Matos.    <\/p>\n<p>A Glintt Global anunciou hoje a composi\u00e7\u00e3o da sua nova Comiss\u00e3o Executiva para o mandato 2026\u20132028 que inicia fun\u00e7\u00f5es com efeitos imediatos.<\/p>\n<p>Eduardo Antunes assume fun\u00e7\u00f5es como Presidente da Comiss\u00e3o Executiva da Glintt Global. A Comiss\u00e3o Executiva conta ainda com Jo\u00e3o Paulo Cabecinha, Lu\u00eds Esgueva, Miguel Leoc\u00e1dio e Pedro Matos.<\/p>\n<p>Por sua vez, o Conselho de Administra\u00e7\u00e3o da Glintt Global mant\u00e9m-se com o atual presidente Paulo Gouveia, contando ainda, para al\u00e9m dos membros da Comiss\u00e3o Executiva, com Diana Silva, Joana Resende, Margarida Bajanca, Paula Dinis, Rahim Sacoor e Rui Raposo.<\/p>\n<p>\u201cCom esta estrutura, a Glintt Global refor\u00e7a a sua lideran\u00e7a executiva, assegurando uma gest\u00e3o s\u00f3lida, estrat\u00e9gica e est\u00e1vel, orientada para o desenvolvimento consistente da sua atividade nos diferentes mercados e setores onde atua\u201d, refere a empresa tecnol\u00f3gica portuguesa.<\/p>\n<p>Segundo o Presidente da Comiss\u00e3o Executiva, \u201cassumo esta fun\u00e7\u00e3o com um forte sentido de responsabilidade. Queremos refor\u00e7ar a Glintt Global como uma empresa de refer\u00eancia na forma como criamos valor, em conjunto com as nossas equipas, clientes e parceiros. Estou convicto de que a excel\u00eancia e os resultados se alcan\u00e7am quando as pessoas est\u00e3o envolvidas, motivadas e alinhadas com um prop\u00f3sito comum\u201d.<\/p>\n<p>\u00a0<\/p>\n","protected":false},"excerpt":{"rendered":"Eduardo Antunes assume fun\u00e7\u00f5es como Presidente da Comiss\u00e3o Executiva da Glintt Global. A Comiss\u00e3o Executiva conta ainda com&hellip;\n","protected":false},"author":2,"featured_media":220824,"comment_status":"","ping_status":"","sticky":false,"template":"","format":"standard","meta":{"footnotes":""},"categories":[83],"tags":[88,89,90,42738,42739,32,33],"class_list":{"0":"post-220823","1":"post","2":"type-post","3":"status-publish","4":"format-standard","5":"has-post-thumbnail","7":"category-empresas","8":"tag-business","9":"tag-economy","10":"tag-empresas","11":"tag-glintt","12":"tag-glintt-global-intelligent-technologies","13":"tag-portugal","14":"tag-pt"},"share_on_mastodon":{"url":"https:\/\/pubeurope.com\/@pt\/115860528304285002","error":""},"_links":{"self":[{"href":"https:\/\/www.europesays.com\/pt\/wp-json\/wp\/v2\/posts\/220823","targetHints":{"allow":["GET"]}}],"collection":[{"href":"https:\/\/www.europesays.com\/pt\/wp-json\/wp\/v2\/posts"}],"about":[{"href":"https:\/\/www.europesays.com\/pt\/wp-json\/wp\/v2\/types\/post"}],"author":[{"embeddable":true,"href":"https:\/\/www.europesays.com\/pt\/wp-json\/wp\/v2\/users\/2"}],"replies":[{"embeddable":true,"href":"https:\/\/www.europesays.com\/pt\/wp-json\/wp\/v2\/comments?post=220823"}],"version-history":[{"count":0,"href":"https:\/\/www.europesays.com\/pt\/wp-json\/wp\/v2\/posts\/220823\/revisions"}],"wp:featuredmedia":[{"embeddable":true,"href":"https:\/\/www.europesays.com\/pt\/wp-json\/wp\/v2\/media\/220824"}],"wp:attachment":[{"href":"https:\/\/www.europesays.com\/pt\/wp-json\/wp\/v2\/media?parent=220823"}],"wp:term":[{"taxonomy":"category","embeddable":true,"href":"https:\/\/www.europesays.com\/pt\/wp-json\/wp\/v2\/categories?post=220823"},{"taxonomy":"post_tag","embeddable":true,"href":"https:\/\/www.europesays.com\/pt\/wp-json\/wp\/v2\/tags?post=220823"}],"curies":[{"name":"wp","href":"https:\/\/api.w.org\/{rel}","templated":true}]}}