{"id":220825,"date":"2026-01-08T16:56:32","date_gmt":"2026-01-08T16:56:32","guid":{"rendered":"https:\/\/www.europesays.com\/pt\/220825\/"},"modified":"2026-01-08T16:56:32","modified_gmt":"2026-01-08T16:56:32","slug":"detido-em-franca-homem-que-tentou-matar-colega-de-trabalho-a-facada-em-elvas","status":"publish","type":"post","link":"https:\/\/www.europesays.com\/pt\/220825\/","title":{"rendered":"Detido em Fran\u00e7a homem que tentou matar colega de trabalho \u00e0 facada em Elvas"},"content":{"rendered":"<p data-remotead-prev-elm=\"true\" data-remotead-elm-id=\"inread\">Na sequ\u00eancia da pr\u00e1tica do crime, o suspeito ter\u00e1 fugido inicialmente para Espanha, tendo sido recentemente localizado em territ\u00f3rio franc\u00eas. Sobre ele pendia um Mandado de Deten\u00e7\u00e3o Europeu, entretanto cumprido pelas autoridades francesas.<\/p>\n<p>Os factos ocorreram em contexto laboral, sendo o suspeito e a v\u00edtima colegas de trabalho. Ambos envolveram-se em agress\u00f5es m\u00fatuas ap\u00f3s uma discuss\u00e3o motivada por raz\u00f5es f\u00fateis e o suspeito desferiu tr\u00eas golpes de faca na v\u00edtima, atingindo-a na cabe\u00e7a e na regi\u00e3o abdominal.<\/p>\n<p>A v\u00edtima s\u00f3 n\u00e3o morreu gra\u00e7as \u00e0 pronta interven\u00e7\u00e3o do INEM.<\/p>\n<p>O suspeito foi esta quarta-feira presente ao Tribunal Judicial da Comarca de Portalegre, tendo-lhe sido aplicada a medida de coa\u00e7\u00e3o de pris\u00e3o preventiva.<\/p>\n","protected":false},"excerpt":{"rendered":"Na sequ\u00eancia da pr\u00e1tica do crime, o suspeito ter\u00e1 fugido inicialmente para Espanha, tendo sido recentemente localizado em&hellip;\n","protected":false},"author":2,"featured_media":220826,"comment_status":"","ping_status":"","sticky":false,"template":"","format":"standard","meta":{"footnotes":""},"categories":[10],"tags":[27,28,3074,17765,15,16,14,603,25,26,21,22,12,13,19,20,4107,9804,32,23,24,33,17,18,29,30,31],"class_list":{"0":"post-220825","1":"post","2":"type-post","3":"status-publish","4":"format-standard","5":"has-post-thumbnail","7":"category-portugal","8":"tag-breaking-news","9":"tag-breakingnews","10":"tag-elvas","11":"tag-faca","12":"tag-featured-news","13":"tag-featurednews","14":"tag-headlines","15":"tag-justica","16":"tag-latest-news","17":"tag-latestnews","18":"tag-main-news","19":"tag-mainnews","20":"tag-news","21":"tag-noticias","22":"tag-noticias-principais","23":"tag-noticiasprincipais","24":"tag-pj","25":"tag-portalegre","26":"tag-portugal","27":"tag-principais-noticias","28":"tag-principaisnoticias","29":"tag-pt","30":"tag-top-stories","31":"tag-topstories","32":"tag-ultimas","33":"tag-ultimas-noticias","34":"tag-ultimasnoticias"},"share_on_mastodon":{"url":"https:\/\/pubeurope.com\/@pt\/115860536511983516","error":""},"_links":{"self":[{"href":"https:\/\/www.europesays.com\/pt\/wp-json\/wp\/v2\/posts\/220825","targetHints":{"allow":["GET"]}}],"collection":[{"href":"https:\/\/www.europesays.com\/pt\/wp-json\/wp\/v2\/posts"}],"about":[{"href":"https:\/\/www.europesays.com\/pt\/wp-json\/wp\/v2\/types\/post"}],"author":[{"embeddable":true,"href":"https:\/\/www.europesays.com\/pt\/wp-json\/wp\/v2\/users\/2"}],"replies":[{"embeddable":true,"href":"https:\/\/www.europesays.com\/pt\/wp-json\/wp\/v2\/comments?post=220825"}],"version-history":[{"count":0,"href":"https:\/\/www.europesays.com\/pt\/wp-json\/wp\/v2\/posts\/220825\/revisions"}],"wp:featuredmedia":[{"embeddable":true,"href":"https:\/\/www.europesays.com\/pt\/wp-json\/wp\/v2\/media\/220826"}],"wp:attachment":[{"href":"https:\/\/www.europesays.com\/pt\/wp-json\/wp\/v2\/media?parent=220825"}],"wp:term":[{"taxonomy":"category","embeddable":true,"href":"https:\/\/www.europesays.com\/pt\/wp-json\/wp\/v2\/categories?post=220825"},{"taxonomy":"post_tag","embeddable":true,"href":"https:\/\/www.europesays.com\/pt\/wp-json\/wp\/v2\/tags?post=220825"}],"curies":[{"name":"wp","href":"https:\/\/api.w.org\/{rel}","templated":true}]}}