{"id":220831,"date":"2026-01-08T17:01:32","date_gmt":"2026-01-08T17:01:32","guid":{"rendered":"https:\/\/www.europesays.com\/pt\/220831\/"},"modified":"2026-01-08T17:01:32","modified_gmt":"2026-01-08T17:01:32","slug":"sara-santos-fica-em-lagrimas-ao-desabafar-com-maria-botelho-moniz-eu-conheco-bem-a-sua-luta","status":"publish","type":"post","link":"https:\/\/www.europesays.com\/pt\/220831\/","title":{"rendered":"Sara Santos fica em l\u00e1grimas ao desabafar com Maria Botelho Moniz: \u00abEu conhe\u00e7o bem a sua luta\u00bb"},"content":{"rendered":"<p>No Especial da Primeira Companhia, observamos um VT onde Sara Santos se mostra visivelmente abalada. Para Sara, \u00abtodos os dias 6 s\u00e3o dif\u00edceis\u00bb, dado a perda prematura da filha. Ap\u00f3s um momento de choro e desabafa com os restantes recrutas, Sara acaba a desabafar com o comandante Jos\u00e9 Moutinho, que a conforta e acaba a abra\u00e7\u00e1-la: \u00abDou-lhe muito valor como mulher e pessoa\u00bb. Ap\u00f3s este momento, a s\u00f3s, Sara Santos desabafa com Maria Botelho Moniz, que lhe faz uma garantia: \u00abEst\u00e3o todos orgulhosos\u00bb.<\/p>\n","protected":false},"excerpt":{"rendered":"No Especial da Primeira Companhia, observamos um VT onde Sara Santos se mostra visivelmente abalada. Para Sara, \u00abtodos&hellip;\n","protected":false},"author":2,"featured_media":220832,"comment_status":"","ping_status":"","sticky":false,"template":"","format":"standard","meta":{"footnotes":""},"categories":[142],"tags":[114,115,32,33,41592,151],"class_list":{"0":"post-220831","1":"post","2":"type-post","3":"status-publish","4":"format-standard","5":"has-post-thumbnail","7":"category-tv","8":"tag-entertainment","9":"tag-entretenimento","10":"tag-portugal","11":"tag-pt","12":"tag-sara-santos","13":"tag-tv"},"share_on_mastodon":{"url":"https:\/\/pubeurope.com\/@pt\/115860555898723869","error":""},"_links":{"self":[{"href":"https:\/\/www.europesays.com\/pt\/wp-json\/wp\/v2\/posts\/220831","targetHints":{"allow":["GET"]}}],"collection":[{"href":"https:\/\/www.europesays.com\/pt\/wp-json\/wp\/v2\/posts"}],"about":[{"href":"https:\/\/www.europesays.com\/pt\/wp-json\/wp\/v2\/types\/post"}],"author":[{"embeddable":true,"href":"https:\/\/www.europesays.com\/pt\/wp-json\/wp\/v2\/users\/2"}],"replies":[{"embeddable":true,"href":"https:\/\/www.europesays.com\/pt\/wp-json\/wp\/v2\/comments?post=220831"}],"version-history":[{"count":0,"href":"https:\/\/www.europesays.com\/pt\/wp-json\/wp\/v2\/posts\/220831\/revisions"}],"wp:featuredmedia":[{"embeddable":true,"href":"https:\/\/www.europesays.com\/pt\/wp-json\/wp\/v2\/media\/220832"}],"wp:attachment":[{"href":"https:\/\/www.europesays.com\/pt\/wp-json\/wp\/v2\/media?parent=220831"}],"wp:term":[{"taxonomy":"category","embeddable":true,"href":"https:\/\/www.europesays.com\/pt\/wp-json\/wp\/v2\/categories?post=220831"},{"taxonomy":"post_tag","embeddable":true,"href":"https:\/\/www.europesays.com\/pt\/wp-json\/wp\/v2\/tags?post=220831"}],"curies":[{"name":"wp","href":"https:\/\/api.w.org\/{rel}","templated":true}]}}