{"id":220833,"date":"2026-01-08T17:02:08","date_gmt":"2026-01-08T17:02:08","guid":{"rendered":"https:\/\/www.europesays.com\/pt\/220833\/"},"modified":"2026-01-08T17:02:08","modified_gmt":"2026-01-08T17:02:08","slug":"reveja-o-concerto-de-emmy-curl-na-redacao-do-jn","status":"publish","type":"post","link":"https:\/\/www.europesays.com\/pt\/220833\/","title":{"rendered":"Reveja o concerto de Emmy Curl na Reda\u00e7\u00e3o do JN"},"content":{"rendered":"<p>Emmy Curl leva \u00e0 Casa da M\u00fasica as antigas melodias do folclore transmontano e celta que durante muito tempo permaneceram esquecidas. O seu \u00faltimo \u00e1lbum, &#8220;Pastoral&#8221;, vencedor do Pr\u00e9mio Jos\u00e9 Afonso 2025, \u00e9 uma homenagem \u00e0s tradi\u00e7\u00f5es do folclore portugu\u00eas, que a artista reinterpreta dentro de um estilo pr\u00f3prio, moderno. Na v\u00e9spera do concerto marcado para as 22 horas na Sala 2, Emmy Curl esteve na Reda\u00e7\u00e3o do JN para apresentar alguns dos temas em vers\u00e3o ac\u00fastica.<\/p>\n","protected":false},"excerpt":{"rendered":"Emmy Curl leva \u00e0 Casa da M\u00fasica as antigas melodias do folclore transmontano e celta que durante muito&hellip;\n","protected":false},"author":2,"featured_media":220834,"comment_status":"","ping_status":"","sticky":false,"template":"","format":"standard","meta":{"footnotes":""},"categories":[141],"tags":[35707,42741,114,115,149,150,32,33,42740],"class_list":{"0":"post-220833","1":"post","2":"type-post","3":"status-publish","4":"format-standard","5":"has-post-thumbnail","7":"category-musica","8":"tag-casa-da-musica","9":"tag-emmy-curl","10":"tag-entertainment","11":"tag-entretenimento","12":"tag-music","13":"tag-musica","14":"tag-portugal","15":"tag-pt","16":"tag-showcase-jn"},"share_on_mastodon":{"url":"https:\/\/pubeurope.com\/@pt\/115860560093059951","error":""},"_links":{"self":[{"href":"https:\/\/www.europesays.com\/pt\/wp-json\/wp\/v2\/posts\/220833","targetHints":{"allow":["GET"]}}],"collection":[{"href":"https:\/\/www.europesays.com\/pt\/wp-json\/wp\/v2\/posts"}],"about":[{"href":"https:\/\/www.europesays.com\/pt\/wp-json\/wp\/v2\/types\/post"}],"author":[{"embeddable":true,"href":"https:\/\/www.europesays.com\/pt\/wp-json\/wp\/v2\/users\/2"}],"replies":[{"embeddable":true,"href":"https:\/\/www.europesays.com\/pt\/wp-json\/wp\/v2\/comments?post=220833"}],"version-history":[{"count":0,"href":"https:\/\/www.europesays.com\/pt\/wp-json\/wp\/v2\/posts\/220833\/revisions"}],"wp:featuredmedia":[{"embeddable":true,"href":"https:\/\/www.europesays.com\/pt\/wp-json\/wp\/v2\/media\/220834"}],"wp:attachment":[{"href":"https:\/\/www.europesays.com\/pt\/wp-json\/wp\/v2\/media?parent=220833"}],"wp:term":[{"taxonomy":"category","embeddable":true,"href":"https:\/\/www.europesays.com\/pt\/wp-json\/wp\/v2\/categories?post=220833"},{"taxonomy":"post_tag","embeddable":true,"href":"https:\/\/www.europesays.com\/pt\/wp-json\/wp\/v2\/tags?post=220833"}],"curies":[{"name":"wp","href":"https:\/\/api.w.org\/{rel}","templated":true}]}}