{"id":220837,"date":"2026-01-08T17:04:17","date_gmt":"2026-01-08T17:04:17","guid":{"rendered":"https:\/\/www.europesays.com\/pt\/220837\/"},"modified":"2026-01-08T17:04:17","modified_gmt":"2026-01-08T17:04:17","slug":"ex-dirigente-do-leipzig-compra-sad-do-sintrense","status":"publish","type":"post","link":"https:\/\/www.europesays.com\/pt\/220837\/","title":{"rendered":"Ex-dirigente do Leipzig compra SAD do Sintrense"},"content":{"rendered":"<p>A SAD do Sintrense, clube da quarta divis\u00e3o portuguesa, tem um novo dono. Felix Kr\u00fcger, antigo coordenador desportivo dos alem\u00e3es do Leipzig, avan\u00e7ou para a compra da forma\u00e7\u00e3o da Portela de Sintra, liderando um conjunto de investidores chamado\u00a0Blue Ocean Group.<\/p>\n<p>A informa\u00e7\u00e3o avan\u00e7ada pelo jornal alem\u00e3o\u00a0Sky Sport\u00a0e confirmada entretanto pelo\u00a0<strong>Maisfutebol<\/strong>, indica que este grupo vai adquirir a maioria das a\u00e7\u00f5es do Sintrense, no entanto, <a href=\"https:\/\/maisfutebol.iol.pt\/sintrense\/sad-sintrense\/sintrense-do-cp-a-liga-com-a-ajuda-de-nani-so-la-e-que-este-projeto-acaba\" target=\"_blank\" rel=\"nofollow noopener\">o empres\u00e1rio Ricardo Oliveira bem como o antigo internacional portugu\u00eas Nani<\/a>, v\u00e3o permanecer com uma percentagem reduzida.<\/p>\n<p>No Leipzig, Kr\u00fcger esteve por de tr\u00e1s das principais conquistas do clube da franquia da RedBull, com duas Ta\u00e7as da Alemanha e ainda uma Superta\u00e7a alem\u00e3.<\/p>\n<p>De recordar, o Sintrense est\u00e1 atualmente no 11.\u00ba lugar da S\u00e9rie D do Campeonato de Portugal. Esta temporada a equipa do concelho de Sintra chegou \u00e0 quarta eliminat\u00f3ria da Ta\u00e7a de Portugal, depois de eliminar Vizela e Rio Ave, apenas caindo aos p\u00e9s do FC Porto, no Drag\u00e3o.<\/p>\n","protected":false},"excerpt":{"rendered":"A SAD do Sintrense, clube da quarta divis\u00e3o portuguesa, tem um novo dono. Felix Kr\u00fcger, antigo coordenador desportivo&hellip;\n","protected":false},"author":2,"featured_media":220838,"comment_status":"","ping_status":"","sticky":false,"template":"","format":"standard","meta":{"footnotes":""},"categories":[87],"tags":[8413,5546,135,42742,46,32,33,47,4202,27515,134],"class_list":{"0":"post-220837","1":"post","2":"type-post","3":"status-publish","4":"format-standard","5":"has-post-thumbnail","7":"category-desporto","8":"tag-campeonato-de-portugal","9":"tag-compra","10":"tag-desporto","11":"tag-felix-kruger","12":"tag-maisfutebol","13":"tag-portugal","14":"tag-pt","15":"tag-pura-paixao","16":"tag-sad","17":"tag-sintrense","18":"tag-sports"},"share_on_mastodon":{"url":"https:\/\/pubeurope.com\/@pt\/115860567712265155","error":""},"_links":{"self":[{"href":"https:\/\/www.europesays.com\/pt\/wp-json\/wp\/v2\/posts\/220837","targetHints":{"allow":["GET"]}}],"collection":[{"href":"https:\/\/www.europesays.com\/pt\/wp-json\/wp\/v2\/posts"}],"about":[{"href":"https:\/\/www.europesays.com\/pt\/wp-json\/wp\/v2\/types\/post"}],"author":[{"embeddable":true,"href":"https:\/\/www.europesays.com\/pt\/wp-json\/wp\/v2\/users\/2"}],"replies":[{"embeddable":true,"href":"https:\/\/www.europesays.com\/pt\/wp-json\/wp\/v2\/comments?post=220837"}],"version-history":[{"count":0,"href":"https:\/\/www.europesays.com\/pt\/wp-json\/wp\/v2\/posts\/220837\/revisions"}],"wp:featuredmedia":[{"embeddable":true,"href":"https:\/\/www.europesays.com\/pt\/wp-json\/wp\/v2\/media\/220838"}],"wp:attachment":[{"href":"https:\/\/www.europesays.com\/pt\/wp-json\/wp\/v2\/media?parent=220837"}],"wp:term":[{"taxonomy":"category","embeddable":true,"href":"https:\/\/www.europesays.com\/pt\/wp-json\/wp\/v2\/categories?post=220837"},{"taxonomy":"post_tag","embeddable":true,"href":"https:\/\/www.europesays.com\/pt\/wp-json\/wp\/v2\/tags?post=220837"}],"curies":[{"name":"wp","href":"https:\/\/api.w.org\/{rel}","templated":true}]}}