{"id":220839,"date":"2026-01-08T17:05:20","date_gmt":"2026-01-08T17:05:20","guid":{"rendered":"https:\/\/www.europesays.com\/pt\/220839\/"},"modified":"2026-01-08T17:05:20","modified_gmt":"2026-01-08T17:05:20","slug":"novo-remedio-age-antes-de-o-cerebro-ficar-com-placas","status":"publish","type":"post","link":"https:\/\/www.europesays.com\/pt\/220839\/","title":{"rendered":"novo rem\u00e9dio age antes de o c\u00e9rebro ficar com placas"},"content":{"rendered":"<p class=\"bullet mt-0\" data-v-232111b4=\"\">Por isso mesmo, h\u00e1 quem prefira continuar prescrevendo o donanemabe, cuja infus\u00e3o \u00e9 mensal e cujo tratamento s\u00f3 \u00e9 feito por 12, no m\u00e1ximo 18 meses. &#8220;Isso porque, se eliminarmos as placas, sabemos que elas levar\u00e3o mais dez anos para crescer&#8221;, justifica o neurologista ga\u00facho.<\/p>\n<p class=\"bullet\" data-v-232111b4=\"\">Continuar\u00e1 sendo uma boa op\u00e7\u00e3o ao menos at\u00e9 que se prove que o lecanemabe, por agir antes, consegue frear para valer o avan\u00e7o da doen\u00e7a. E a gente n\u00e3o pode se esquecer do custo. O tratamento rec\u00e9m-aprovado poder\u00e1 custar o dobro, isto \u00e9, h\u00e1 quem diga que cerca de 50 mil reais por m\u00eas \u2014 e por toda a vida.<\/p>\n<p>Aten\u00e7\u00e3o: Alzheimer n\u00e3o \u00e9 sin\u00f4nimo de dem\u00eancia<\/p>\n<p class=\"bullet\" data-v-232111b4=\"\">Este, na verdade, \u00e9 o desafio maior. &#8220;H\u00e1 pouco mais de dez anos, pens\u00e1vamos que ter Alzheimer era a mesma coisa de ter dem\u00eancia. Isso mudou&#8221;, observa Wyllians Borelli. &#8220;Hoje, Alzheimer \u00e9 ter placas de amiloide no c\u00e9rebro. Muito antes de ter dem\u00eancia, a pessoa come\u00e7a a ter falhas cognitivas leves. Elas ainda n\u00e3o comprometem o seu dia a dia. Para come\u00e7o de conversa, o indiv\u00edduo percebe que se esqueceu de algo. Ele consegue viver sozinho, lembrar-se da senha do banco, dirigir, trabalhar, cuidar de sua vida com autonomia.&#8221;<\/p>\n<p class=\"bullet\" data-v-232111b4=\"\">Segundo o especialista, se a gente der um passo atr\u00e1s, encontraremos at\u00e9 mesmo pessoas com Alzheimer sem absolutamente qualquer sintoma. Por ironia, o problema \u00e9 que o lecanemabe \u2014 assim como o donanemabe \u2014 funciona se o paciente \u00e9 tratado quando, no m\u00e1ximo, apresenta uma perda de cogni\u00e7\u00e3o bem leve. Se o neur\u00f4nio j\u00e1 morreu por causa do Alzheimer, na fase de dem\u00eancia, ele n\u00e3o ir\u00e1 se recuperar quando o anticorpo monoclonal tirar a placa.<\/p>\n<p class=\"bullet\" data-v-232111b4=\"\">O dif\u00edcil \u00e9 flagrar quem est\u00e1 nessa situa\u00e7\u00e3o. Nesse sentido, fica aqui uma dica preciosa do professor Borelli: &#8220;Se um paciente chega com queixas de mem\u00f3ria e tem seus 50 anos ou menos, eu posso pensar em esgotamento, depress\u00e3o, estresse. \u00c9 muito raro algu\u00e9m ter Alzheimer com menos de 65 anos&#8221;, diz ele. &#8220;No entanto, acima dos 60 anos, problemas de mem\u00f3ria exigem investiga\u00e7\u00e3o, com a realiza\u00e7\u00e3o de testes cognitivos validados e, se poss\u00edvel, exame de imagem que, no caso, seria a tomografia por emiss\u00e3o de p\u00f3sitrons, capaz de acusar as placas.&#8221;<\/p>\n","protected":false},"excerpt":{"rendered":"Por isso mesmo, h\u00e1 quem prefira continuar prescrevendo o donanemabe, cuja infus\u00e3o \u00e9 mensal e cujo tratamento s\u00f3&hellip;\n","protected":false},"author":2,"featured_media":220840,"comment_status":"","ping_status":"","sticky":false,"template":"","format":"standard","meta":{"footnotes":""},"categories":[86],"tags":[116,32,33,117],"class_list":{"0":"post-220839","1":"post","2":"type-post","3":"status-publish","4":"format-standard","5":"has-post-thumbnail","7":"category-saude","8":"tag-health","9":"tag-portugal","10":"tag-pt","11":"tag-saude"},"share_on_mastodon":{"url":"https:\/\/pubeurope.com\/@pt\/115860571744027970","error":""},"_links":{"self":[{"href":"https:\/\/www.europesays.com\/pt\/wp-json\/wp\/v2\/posts\/220839","targetHints":{"allow":["GET"]}}],"collection":[{"href":"https:\/\/www.europesays.com\/pt\/wp-json\/wp\/v2\/posts"}],"about":[{"href":"https:\/\/www.europesays.com\/pt\/wp-json\/wp\/v2\/types\/post"}],"author":[{"embeddable":true,"href":"https:\/\/www.europesays.com\/pt\/wp-json\/wp\/v2\/users\/2"}],"replies":[{"embeddable":true,"href":"https:\/\/www.europesays.com\/pt\/wp-json\/wp\/v2\/comments?post=220839"}],"version-history":[{"count":0,"href":"https:\/\/www.europesays.com\/pt\/wp-json\/wp\/v2\/posts\/220839\/revisions"}],"wp:featuredmedia":[{"embeddable":true,"href":"https:\/\/www.europesays.com\/pt\/wp-json\/wp\/v2\/media\/220840"}],"wp:attachment":[{"href":"https:\/\/www.europesays.com\/pt\/wp-json\/wp\/v2\/media?parent=220839"}],"wp:term":[{"taxonomy":"category","embeddable":true,"href":"https:\/\/www.europesays.com\/pt\/wp-json\/wp\/v2\/categories?post=220839"},{"taxonomy":"post_tag","embeddable":true,"href":"https:\/\/www.europesays.com\/pt\/wp-json\/wp\/v2\/tags?post=220839"}],"curies":[{"name":"wp","href":"https:\/\/api.w.org\/{rel}","templated":true}]}}