{"id":220849,"date":"2026-01-08T17:12:14","date_gmt":"2026-01-08T17:12:14","guid":{"rendered":"https:\/\/www.europesays.com\/pt\/220849\/"},"modified":"2026-01-08T17:12:14","modified_gmt":"2026-01-08T17:12:14","slug":"poliana-rocha-sai-em-defesa-da-mae-de-virginia-apos-termino-cercado-por-rumores-de-traicao-r7-entretenimento","status":"publish","type":"post","link":"https:\/\/www.europesays.com\/pt\/220849\/","title":{"rendered":"Poliana Rocha sai em defesa da m\u00e3e de Virginia ap\u00f3s t\u00e9rmino cercado por rumores de trai\u00e7\u00e3o \u2013 R7 Entretenimento"},"content":{"rendered":"<p><img decoding=\"async\" data-chromatic=\"ignore\" alt=\"\" class=\"c-image\" loading=\"lazy\" src=\"https:\/\/www.europesays.com\/pt\/wp-content\/uploads\/2026\/01\/X7A2QJEUYVH7DGUP37HRT4GPEI.jpg\"  width=\"1920\" height=\"1080\"\/>Margareth Serr\u00e3o recebeu apoio de Poliana Rocha ap\u00f3s suposta trai\u00e7\u00e3o Reprodu\u00e7\u00e3o\/Instagram\/@poliana <\/p>\n<p class=\"jarvics:base-text-neutral-high-400 base-text-[calc(theme(fontSize.xs)_*_var(--font-size,_1))] base-font-normal base-font-primary base-text-neutral-low-500 base-text-left\"><a href=\"https:\/\/www.r7.com\/tudo-sobre\/poliana\/\" target=\"_blank\" rel=\"noreferrer nofollow noopener\" title=\"https:\/\/www.r7.com\/tudo-sobre\/poliana\/\"><b>Poliana Rocha<\/b><\/a>, m\u00e3e de <a href=\"https:\/\/www.r7.com\/tudo-sobre\/ze-felipe\/\" target=\"_blank\" rel=\"noreferrer nofollow noopener\" title=\"https:\/\/www.r7.com\/tudo-sobre\/ze-felipe\/\"><b>Z\u00e9 Felipe<\/b><\/a>, resolveu se manifestar publicamente e saiu em defesa de <a href=\"https:\/\/entretenimento.r7.com\/prisma\/fabiola-reipert\/margareth-serrao-se-revolta-apos-ex-falar-em-amizade-e-solta-o-verbo-nas-redes-05012026\/\" target=\"_blank\" rel=\"noreferrer nofollow noopener\" title=\"https:\/\/entretenimento.r7.com\/prisma\/fabiola-reipert\/margareth-serrao-se-revolta-apos-ex-falar-em-amizade-e-solta-o-verbo-nas-redes-05012026\/\"><b>Margareth Serr\u00e3o<\/b><\/a>, m\u00e3e de <a href=\"https:\/\/www.r7.com\/tudo-sobre\/virginia\/\" target=\"_blank\" rel=\"noreferrer nofollow noopener\" title=\"https:\/\/www.r7.com\/tudo-sobre\/virginia\/\"><b>Virginia Fonseca<\/b><\/a>, que estaria passando por um momento pra l\u00e1 de delicado ap\u00f3s o fim de um relacionamento recente&#8230;<\/p>\n<p class=\"jarvics:base-text-neutral-high-400 base-text-[calc(theme(fontSize.xs)_*_var(--font-size,_1))] base-font-normal base-font-primary base-text-neutral-low-500 base-text-left\">Isso porque o <a href=\"https:\/\/entretenimento.r7.com\/prisma\/fabiola-reipert\/video\/mae-de-virginia-fonseca-se-revolta-contra-o-ex-e-dispara-esquece-tudo-que-te-prometi-05012026\/\" target=\"_blank\" rel=\"noreferrer nofollow noopener\" title=\"https:\/\/entretenimento.r7.com\/prisma\/fabiola-reipert\/video\/mae-de-virginia-fonseca-se-revolta-contra-o-ex-e-dispara-esquece-tudo-que-te-prometi-05012026\/\"><b>t\u00e9rmino de Margareth<\/b><\/a> com o sanfoneiro <a href=\"https:\/\/entretenimento.r7.com\/prisma\/fabiola-reipert\/namorado-da-mae-de-virginia-rebate-criticas-e-dispara-aqui-nao-tem-gigolo-04112025\/\" target=\"_blank\" rel=\"noreferrer nofollow noopener\" title=\"https:\/\/entretenimento.r7.com\/prisma\/fabiola-reipert\/namorado-da-mae-de-virginia-rebate-criticas-e-dispara-aqui-nao-tem-gigolo-04112025\/\"><b>Danilo Nascimento<\/b><\/a> veio acompanhado de fortes rumores de trai\u00e7\u00e3o, o que deixou a internet em polvorosa.<\/p>\n<p class=\"jarvics:base-text-neutral-high-400 base-text-[calc(theme(fontSize.xs)_*_var(--font-size,_1))] base-font-normal base-font-primary base-text-neutral-low-500 base-text-left\">A pol\u00eamica ganhou ainda mais repercuss\u00e3o quando, na noite da \u00faltima quarta-feira (7), a m\u00e3e de Virginia publicou um v\u00eddeo se produzindo, toda plena, ao som da m\u00fasica Cheiro de Culpado, da dupla J\u00fanior e Cezar.<\/p>\n<p class=\"jarvics:base-text-neutral-high-400 base-text-[calc(theme(fontSize.xs)_*_var(--font-size,_1))] base-font-normal base-font-primary base-text-neutral-low-500 base-text-left\">A can\u00e7\u00e3o fala justamente sobre deslealdade amorosa. Coincid\u00eancia? Para muitos seguidores, n\u00e3o mesmo\u2026 A trilha sonora foi vista como uma indireta daquelas sobre o fim do relacionamento.<\/p>\n<p class=\"jarvics:base-text-neutral-high-400 base-text-[calc(theme(fontSize.xs)_*_var(--font-size,_1))] base-font-normal base-font-primary base-text-neutral-low-500 base-text-left\">Os coment\u00e1rios choveram, cheios de apoio e mensagens carinhosas. Mas o de Poliana chamou aten\u00e7\u00e3o em especial: \u201cVoc\u00ea \u00e9 linda e amada\u201d. O gesto foi visto como uma clara demonstra\u00e7\u00e3o de solidariedade em meio \u00e0 turbul\u00eancia.<\/p>\n<p class=\"jarvics:base-text-neutral-high-400 base-text-[calc(theme(fontSize.xs)_*_var(--font-size,_1))] base-font-normal base-font-primary base-text-neutral-low-500 base-text-left\">E claro que Virginia n\u00e3o ficou de fora! A \u201cinfluenciadora\u201d tamb\u00e9m comentou no post da m\u00e3e, refor\u00e7ando o apoio com um simples e direto: \u201cLinda\u201d.<\/p>\n<p class=\"jarvics:base-text-neutral-high-400 base-text-[calc(theme(fontSize.xs)_*_var(--font-size,_1))] base-font-normal base-font-primary base-text-neutral-low-500 base-text-left\">Se foi indireta ou coincid\u00eancia, s\u00f3 o tempo dir\u00e1\u2026 mas que a internet j\u00e1 tirou suas pr\u00f3prias conclus\u00f5es, isso tirou!<\/p>\n<p><video controls=\"\" class=\"video-js\" preload=\"metadata\" poster=\"https:\/\/d22yf0mxeu0gma.cloudfront.net\/01-05-2026\/t_571efd34548040c1b4a5794cfcdddcbb_name_margareth_virginia_ex.jpg\" title=\"M&#xE3;e de Virginia Fonseca se revolta contra o ex e dispara: &#x2018;Esquece tudo que te prometi&#x2019;\" data-sprite-url=\"\" data-metadata=\"{&quot;title&quot;:&quot;M&#xE3;e de Virginia Fonseca se revolta contra o ex e dispara: &#x2018;Esquece tudo que te prometi&#x2019;&quot;,&quot;sectionName&quot;:&quot;R7&quot;,&quot;mainSection&quot;:&quot;Fab&#xED;ola Reipert&quot;,&quot;subSection&quot;:&quot;&quot;,&quot;views&quot;:&quot;&quot;,&quot;disableAdv&quot;:&quot;false&quot;,&quot;createdDate&quot;:&quot;2026-01-05T18:44:25Z&quot;,&quot;mainSectionUrl&quot;:&quot;https:\/\/entretenimento.r7.com\/prisma\/fabiola-reipert\/video\/mae-de-virginia-fonseca-se-revolta-contra-o-ex-e-dispara-esquece-tudo-que-te-prometi-05012026\/&quot;,&quot;sectionPath&quot;:&quot;https:\/\/entretenimento.r7.com\/prisma\/fabiola-reipert&quot;,&quot;ageRating&quot;:&quot;&quot;,&quot;ageRatingDescription&quot;:&quot;&quot;,&quot;duration&quot;:199274,&quot;playerUrl&quot;:&quot;https:\/\/entretenimento.r7.com\/player\/23e4e560-0df0-4c19-ac73-4b320e9d2a07\/&quot;}\" data-player-params=\"{&quot;p&quot;:&quot;true&quot;,&quot;autoPlay&quot;:&quot;false&quot;,&quot;logo&quot;:&quot;true&quot;,&quot;playlistId&quot;:&quot;false&quot;,&quot;calhau&quot;:&quot;false&quot;,&quot;share&quot;:&quot;true&quot;,&quot;sz&quot;:&quot;false&quot;,&quot;full&quot;:&quot;true&quot;,&quot;customAdHash&quot;:&quot;\/7542\/blog\/fabiolareipert&quot;,&quot;referrerUrl&quot;:&quot;&quot;,&quot;externalLinks&quot;:&quot;true&quot;,&quot;debug&quot;:&quot;false&quot;,&quot;debugHash&quot;:&quot;false&quot;,&quot;debugRelated&quot;:&quot;false&quot;,&quot;timerRelated&quot;:&quot;true&quot;,&quot;logoRecord&quot;:&quot;false&quot;,&quot;contextModal&quot;:&quot;false&quot;,&quot;parentUrl&quot;:&quot;https:\/\/record.r7.com\/&quot;,&quot;t&quot;:&quot;0&quot;,&quot;noTitle&quot;:false,&quot;endBehavior&quot;:&quot;default&quot;}\" data-related-videos=\"[{&quot;title&quot;:&quot;Aos 61 anos, Marrone assume namoro com atriz mais nova&quot;,&quot;thumb&quot;:&quot;https:\/\/d22yf0mxeu0gma.cloudfront.net\/01-08-2026\/t_d609e0b20e8c49929e53edbe5a48c393_name_THUMB_BLOGS_KEILA_FAB_OLA__1_.png&quot;,&quot;url&quot;:&quot;https:\/\/entretenimento.r7.com\/prisma\/fabiola-reipert\/video\/aos-61-anos-marrone-assume-namoro-com-atriz-mais-nova-08012026\/&quot;,&quot;embedUrl&quot;:&quot;https:\/\/entretenimento.r7.com\/player\/853bf620-6f6e-4658-b740-d76268fcfc56\/&quot;},{&quot;title&quot;:&quot;M&#xE3;e de suposta filha de Neymar desabafa sobre a filha: 'Sonha em ter o carinho do pai'&quot;,&quot;thumb&quot;:&quot;https:\/\/d22yf0mxeu0gma.cloudfront.net\/01-08-2026\/t_0ca9b0e4bf8f4774807c11eaaf6df0d9_name_mae_filha_neymar.jpg&quot;,&quot;url&quot;:&quot;https:\/\/entretenimento.r7.com\/prisma\/fabiola-reipert\/video\/mae-de-suposta-filha-de-neymar-desabafa-sobre-a-filha-sonha-em-ter-o-carinho-do-pai-08012026\/&quot;,&quot;embedUrl&quot;:&quot;https:\/\/entretenimento.r7.com\/player\/f4340836-0ffb-4407-bfc3-1f365b13a9d7\/&quot;},{&quot;title&quot;:&quot;Piqu&#xE9; ganha 'vingan&#xE7;a' dos f&#xE3;s de Shakira ap&#xF3;s recusar aut&#xF3;grafo na Espanha&quot;,&quot;thumb&quot;:&quot;https:\/\/d22yf0mxeu0gma.cloudfront.net\/01-08-2026\/t_c34f0243e5994d89a36acb4d1b928bba_name_pique_shakira_vinganca.jpg&quot;,&quot;url&quot;:&quot;https:\/\/entretenimento.r7.com\/prisma\/fabiola-reipert\/video\/pique-ganha-vinganca-dos-fas-de-shakira-apos-recusar-autografo-na-espanha-08012026\/&quot;,&quot;embedUrl&quot;:&quot;https:\/\/entretenimento.r7.com\/player\/6226684a-da7b-4c98-9d8d-02573cf9d479\/&quot;}]\" data-player-url=\"https:\/\/entretenimento.r7.com\/player\/23e4e560-0df0-4c19-ac73-4b320e9d2a07\/\" data-arc-video=\"\" data-arc-id=\"23e4e560-0df0-4c19-ac73-4b320e9d2a07\" data-short=\"false\" style=\"visibility:hidden\"><\/video><\/p>\n<p class=\"jarvics:base-text-neutral-high-400 base-text-[calc(theme(fontSize.xs)_*_var(--font-size,_1))] base-font-normal base-font-primary base-text-neutral-low-500 base-text-left\">\u2705<b>Para saber tudo do mundo dos famosos, <\/b><a href=\"https:\/\/whatsapp.com\/channel\/0029Va9UfKcHQbRyCyhPt71R\" rel=\"nofollow noopener\" target=\"_blank\"><b>siga o canal de entretenimento do R7<\/b><\/a><b>, o portal de not\u00edcias da Record, no WhatsApp<\/b><\/p>\n<p>Os textos aqui publicados <strong>n\u00e3o refletem<\/strong> necessariamente a opini\u00e3o do<strong> Grupo Record<\/strong>.<\/p>\n","protected":false},"excerpt":{"rendered":"Margareth Serr\u00e3o recebeu apoio de Poliana Rocha ap\u00f3s suposta trai\u00e7\u00e3o Reprodu\u00e7\u00e3o\/Instagram\/@poliana Poliana Rocha, m\u00e3e de Z\u00e9 Felipe, resolveu&hellip;\n","protected":false},"author":2,"featured_media":220850,"comment_status":"","ping_status":"","sticky":false,"template":"","format":"standard","meta":{"footnotes":""},"categories":[145],"tags":[4552,211,210,114,115,3034,42743,32,33,973],"class_list":{"0":"post-220849","1":"post","2":"type-post","3":"status-publish","4":"format-standard","5":"has-post-thumbnail","7":"category-celebridades","8":"tag-a-hora-da-venenosa","9":"tag-celebridades","10":"tag-celebrities","11":"tag-entertainment","12":"tag-entretenimento","13":"tag-famosos-e-celebridades","14":"tag-poliana","15":"tag-portugal","16":"tag-pt","17":"tag-virginia"},"share_on_mastodon":{"url":"https:\/\/pubeurope.com\/@pt\/115860599170037015","error":""},"_links":{"self":[{"href":"https:\/\/www.europesays.com\/pt\/wp-json\/wp\/v2\/posts\/220849","targetHints":{"allow":["GET"]}}],"collection":[{"href":"https:\/\/www.europesays.com\/pt\/wp-json\/wp\/v2\/posts"}],"about":[{"href":"https:\/\/www.europesays.com\/pt\/wp-json\/wp\/v2\/types\/post"}],"author":[{"embeddable":true,"href":"https:\/\/www.europesays.com\/pt\/wp-json\/wp\/v2\/users\/2"}],"replies":[{"embeddable":true,"href":"https:\/\/www.europesays.com\/pt\/wp-json\/wp\/v2\/comments?post=220849"}],"version-history":[{"count":0,"href":"https:\/\/www.europesays.com\/pt\/wp-json\/wp\/v2\/posts\/220849\/revisions"}],"wp:featuredmedia":[{"embeddable":true,"href":"https:\/\/www.europesays.com\/pt\/wp-json\/wp\/v2\/media\/220850"}],"wp:attachment":[{"href":"https:\/\/www.europesays.com\/pt\/wp-json\/wp\/v2\/media?parent=220849"}],"wp:term":[{"taxonomy":"category","embeddable":true,"href":"https:\/\/www.europesays.com\/pt\/wp-json\/wp\/v2\/categories?post=220849"},{"taxonomy":"post_tag","embeddable":true,"href":"https:\/\/www.europesays.com\/pt\/wp-json\/wp\/v2\/tags?post=220849"}],"curies":[{"name":"wp","href":"https:\/\/api.w.org\/{rel}","templated":true}]}}