{"id":220851,"date":"2026-01-08T17:15:26","date_gmt":"2026-01-08T17:15:26","guid":{"rendered":"https:\/\/www.europesays.com\/pt\/220851\/"},"modified":"2026-01-08T17:15:26","modified_gmt":"2026-01-08T17:15:26","slug":"rtp2-reforca-aposta-em-series","status":"publish","type":"post","link":"https:\/\/www.europesays.com\/pt\/220851\/","title":{"rendered":"RTP2 refor\u00e7a aposta em s\u00e9ries"},"content":{"rendered":"<p>A RTP2 arranca 2026 com uma aposta refor\u00e7ada na oferta de s\u00e9ries de fic\u00e7\u00e3o. \u201cMuitas s\u00e9ries internacionais de excel\u00eancia, com especial destaque para aclamadas produ\u00e7\u00f5es europeias\u201d, destaca o comunicado do canal.<\/p>\n<p>De segunda a sexta-feira, entre as 19h00 e as 22h00, e ao fim de semana, \u00e0s 22h00, a RTP2 vai exibir s\u00e9ries de \u201cg\u00e9neros variados e para todos os p\u00fablicos\u201d.<\/p>\n<p>\u201cSherlock &amp; Filha\u201d, \u00a0protagonizada por David Thewlis e Blu Hunt, \u201cO Grande Salto\u201d, com \u00d3scar Casas, e a s\u00e9rie brit\u00e2nica \u201cAustin\u201d s\u00e3o alguns dos destaques.<\/p>\n<p><strong>Novas s\u00e9ries para ver na RTP2:<\/strong><br \/>\nSherlock &amp; Filha (segunda a sexta, \u00e0s 19h00)<\/p>\n<p>Uma nova interpreta\u00e7\u00e3o de Sherlock Holmes: o detetive envelhecido e mal-humorado cruza-se com Amelia, uma jovem americana que afirma ser sua filha. Juntos v\u00e3o resolver uma conspira\u00e7\u00e3o global, que envolve o assassinato da m\u00e3e de Amelia, aproveitando esse tempo para estreitar a liga\u00e7\u00e3o que os une.\u00a0<\/p>\n<p>Uma hist\u00f3ria de mist\u00e9rio, intriga e tens\u00e3o entre instinto e experi\u00eancia nesta s\u00e9rie brit\u00e2nica de 8 epis\u00f3dios, protagonizada por David Thewlis e Blu Hunt.<\/p>\n<p>O Grande Salto \u2013 Estreia dia 9 janeiro (segunda a sexta, \u00e0s 22h00)<\/p>\n<p>Uma produ\u00e7\u00e3o espanhola de cinco epis\u00f3dios que acompanha a trajet\u00f3ria do ginasta ol\u00edmpico Gervasio Deferr (\u00d3scar Casas), entre a sua consagra\u00e7\u00e3o desportiva e o momento pessoal da sua vida mais sombrio. Uma hist\u00f3ria intensa de supera\u00e7\u00e3o e perseveran\u00e7a, baseada na biografia do pr\u00f3prio atleta, que revela uma das hist\u00f3rias mais emocionantes do desporto espanhol.<\/p>\n<p>Austin \u2013 Estreia dia 10 janeiro (s\u00e1bado, \u00e0s 22h00)<\/p>\n<p>Uma com\u00e9dia dram\u00e1tica brit\u00e2nica de 8 epis\u00f3dios que aborda a aceita\u00e7\u00e3o e a celebra\u00e7\u00e3o das diferen\u00e7as. Julian Hartswood, autor de livros infantis, enfrenta uma pol\u00e9mica p\u00fablica e v\u00ea \u00a0sua vida virada do avesso quando descobre que tem um filho neurodivergente, Austin. Entre desafios familiares e momentos hilariantes, a s\u00e9rie explora o amor, a toler\u00e2ncia e a reden\u00e7\u00e3o de forma divertida e comovente. Com Ben Miller, Sally Phillips e Michael Theo.<\/p>\n<p>Extra. \u2013 Estreia dia 11 de janeiro (domingo, \u00e0s 22h00)<\/p>\n<p>S\u00e9rie francesa de 10 epis\u00f3dios que acompanha Catherine Blondin (Anne Girouard), uma m\u00e3e e diretora de coro inclusivo, numa viagem de descoberta pessoal e sexual, numa trama que desafia os conceitos de desejo e intimidade, especialmente para pessoas com defici\u00eancia, mas tamb\u00e9m para o resto da popula\u00e7\u00e3o.<\/p>\n<p>As s\u00e9ries tamb\u00e9m poder\u00e3o ser vistas na RTP Play.<\/p>\n<p>\u00a0<\/p>\n","protected":false},"excerpt":{"rendered":"A RTP2 arranca 2026 com uma aposta refor\u00e7ada na oferta de s\u00e9ries de fic\u00e7\u00e3o. \u201cMuitas s\u00e9ries internacionais de&hellip;\n","protected":false},"author":2,"featured_media":220852,"comment_status":"","ping_status":"","sticky":false,"template":"","format":"standard","meta":{"footnotes":""},"categories":[142],"tags":[114,115,32,33,151],"class_list":{"0":"post-220851","1":"post","2":"type-post","3":"status-publish","4":"format-standard","5":"has-post-thumbnail","7":"category-tv","8":"tag-entertainment","9":"tag-entretenimento","10":"tag-portugal","11":"tag-pt","12":"tag-tv"},"share_on_mastodon":{"url":"https:\/\/pubeurope.com\/@pt\/115860611059627664","error":""},"_links":{"self":[{"href":"https:\/\/www.europesays.com\/pt\/wp-json\/wp\/v2\/posts\/220851","targetHints":{"allow":["GET"]}}],"collection":[{"href":"https:\/\/www.europesays.com\/pt\/wp-json\/wp\/v2\/posts"}],"about":[{"href":"https:\/\/www.europesays.com\/pt\/wp-json\/wp\/v2\/types\/post"}],"author":[{"embeddable":true,"href":"https:\/\/www.europesays.com\/pt\/wp-json\/wp\/v2\/users\/2"}],"replies":[{"embeddable":true,"href":"https:\/\/www.europesays.com\/pt\/wp-json\/wp\/v2\/comments?post=220851"}],"version-history":[{"count":0,"href":"https:\/\/www.europesays.com\/pt\/wp-json\/wp\/v2\/posts\/220851\/revisions"}],"wp:featuredmedia":[{"embeddable":true,"href":"https:\/\/www.europesays.com\/pt\/wp-json\/wp\/v2\/media\/220852"}],"wp:attachment":[{"href":"https:\/\/www.europesays.com\/pt\/wp-json\/wp\/v2\/media?parent=220851"}],"wp:term":[{"taxonomy":"category","embeddable":true,"href":"https:\/\/www.europesays.com\/pt\/wp-json\/wp\/v2\/categories?post=220851"},{"taxonomy":"post_tag","embeddable":true,"href":"https:\/\/www.europesays.com\/pt\/wp-json\/wp\/v2\/tags?post=220851"}],"curies":[{"name":"wp","href":"https:\/\/api.w.org\/{rel}","templated":true}]}}