{"id":220860,"date":"2026-01-08T17:20:08","date_gmt":"2026-01-08T17:20:08","guid":{"rendered":"https:\/\/www.europesays.com\/pt\/220860\/"},"modified":"2026-01-08T17:20:08","modified_gmt":"2026-01-08T17:20:08","slug":"a-ultima-moda-segundo-b-b-uma-urna-de-vime-observador","status":"publish","type":"post","link":"https:\/\/www.europesays.com\/pt\/220860\/","title":{"rendered":"A \u00faltima moda segundo B.B.? Uma urna de vime \u2013 Observador"},"content":{"rendered":"<p>Quem esteve presente, ou que temas se escutaram, dividiu aten\u00e7\u00f5es com um detalhe inesperado. Esta quarta-feira, em Saint-Tropez, nas <a href=\"https:\/\/observador.pt\/2026\/01\/07\/funeral-de-brigitte-bardot-realiza-se-esta-quarta-feira-em-saint-tropez\/\" rel=\"nofollow noopener\" target=\"_blank\">\u201cdiscretas\u201d cerim\u00f3nias f\u00fanebres de B.B.<\/a>, a atriz francesa contou com um derradeiro e simb\u00f3lico apontamento de moda, agora na sua urna, que surgiu envolvida numa estrutura de vime. Coberta por in\u00fameras flores coloridas n\u00e3o passou despercebida, de tal forma que o telefone da cestaria Candas, localizada em Le Boisle, nos Altos de Fran\u00e7a, come\u00e7ou a tocar com insist\u00eancia. Do outro lado, procuravam-se pormenores sobre a pe\u00e7a de 195 cent\u00edmetros de comprimento que deu entrada na igreja paroquial daquela localidade no sul de Fran\u00e7a.<\/p>\n<p>Mireille Mathieu, Jean-Luc Reichmann, Paul Belmondo, ou Marine Le Pen, ter\u00e3o sido apenas alguns dos que ficaram surpresos com o efeito imprimido a este momento, mas que em tudo tem a ver com Brigitte Bardot e com algumas das suas ic\u00f3nicas\u00a0escolhas e esp\u00edrito inconformado com as regras e costumes. \u00c0 semelhan\u00e7a da compatriota Jane Birkin, as cestas de verga foram um dos acess\u00f3rios-chave no seu guarda-roupa e espelham como poucos o esp\u00edrito estival da riviera\u00a0francesa. O resultado, \u00e9 um impacto t\u00e3o original quanto luminoso, bem ao estilo da homenageada.<\/p>\n<p>        <img src=\"https:\/\/www.europesays.com\/pt\/wp-content\/uploads\/2026\/01\/gettyimages-2255038252-scaled.jpg\" alt=\"GettyImages-2255038252\" loading=\"lazy\" decoding=\"async\" class=\"aligncenter\" onload=\"this.parentElement.classList.remove('spinner')\" onerror=\"this.parentElement.classList.remove('spinner')\"\/><br \/>\n    Getty Images<\/p>\n<p>De acordo com os fabricantes, citados pela <a href=\"https:\/\/www.parismatch.com\/People\/son-prix-sa-taille-sa-provenance-les-secrets-derriere-le-cercueil-en-osier-de-brigitte-bardot-262606\" rel=\"nofollow noopener\" target=\"_blank\">revista Paris Match<\/a>, esta cobertura de caix\u00e3o, \u201cfeita de A a Z\u201d, implicou dois dias intensivos de trabalho, at\u00e9 ser transportado para o sul do pa\u00eds para as ex\u00e9quias f\u00fanebres, percorrendo uma viagem de mais de 10 horas. Em termos de valores, a cria\u00e7\u00e3o situa-se entre os 1.500 e os 2.000 euros. O que permanece desconhecido \u00e9 de onde, ou de quem, surgiu esta ideia, j\u00e1 que o grupo Funico, agente respons\u00e1vel pelo servi\u00e7o, n\u00e3o quis revelar mais pormenores sobre esta escolha.<\/p>\n<p>\u201c\u00c9\u00a0um produto de que nos orgulhamos, aqui em Le\u00a0Boisle, com os nossos artes\u00e3os (\u2026) Esperamos que seja capaz de sustentar a nossa empresa e dar a conhecer o nosso know-how franc\u00eas\u201d, afirmou Xavier Quointeau, o gerente da Vannerie Candas, a cestaria especializada no fabrico de cestas de vime para o setor da panifica\u00e7\u00e3o e pastelaria que recentemente diversificou a sua \u00e1rea de influ\u00eancia, apanhando boleia do contexto p\u00f3s-Covid que trouxe desafios v\u00e1rios mas tamb\u00e9m o regresso a muitos of\u00edcios manuais. Pelo menos para j\u00e1, o efeito foi viral. \u201cAs fotos do caix\u00e3o de Brigitte Bardot foram ao ar \u00e0s 11h na TV, e \u00e0s 11h10 recebemos as primeiras chamadas. Desde ontem n\u00e3o paramos de receber chamadas\u201d, garante o respons\u00e1vel \u00e0 <a href=\"https:\/\/france3-regions.franceinfo.fr\/hauts-de-france\/somme\/depuis-hier-on-croule-sous-les-appels-le-cercueil-en-osier-de-brigitte-bardot-met-un-coup-de-projecteur-sur-cette-vannerie-de-la-somme-3278225.html\" rel=\"nofollow noopener\" target=\"_blank\">France Info,<\/a> que explorou mais o fundo o processo de fabrico, a que come\u00e7aram a dedicar-se em outubro passado. Desde ent\u00e3o, a empresa investida neste trabalho artesanal, e que at\u00e9 lan\u00e7ou uma pequena academia para forma\u00e7\u00e3o na \u00e1rea, tem comercializado estas pe\u00e7as atrav\u00e9s da funer\u00e1ria\u00a0Funico.\u00a0\u201cAlguns dias antes do funeral, tivemos informa\u00e7\u00f5es sobre a escolha do caix\u00e3o, mas, por respeito, escolhemos n\u00e3o divulgar nada antes da cerim\u00f3nia\u201d, descreve\u00a0Quinteau.<\/p>\n<p>Procurados por particulares e por outros agentes, o n\u00edvel de celebritismo de\u00a0Bardot pode ter ajudado a colocar a cria\u00e7\u00e3o em definitivo no mapa, revolucionando as tradi\u00e7\u00f5es f\u00fanebres, mas \u00e9 justo referir que n\u00e3o foi a primeira. A cestaria explica que h\u00e1 alguns meses venderam um modelo semelhante para <strong>Patrice de Colmont<\/strong>, figura bem conhecida em\u00a0Ramatuelle, ao leme do\u00a0m\u00edtico Clube 55. \u201cEle chegou a receber toda a equipa do filme \u2018E Deus criou a mulher\u2019. Era pr\u00f3ximo de Brigitte Bardot. Talvez a fam\u00edlia da atriz tenha visto o caix\u00e3o no seu funeral\u201d, admite.<\/p>\n<p>O prot\u00f3tipo do modelo remonta ao come\u00e7o de 2025 e foi batizado com o sugestivo nome \u201cLe\u00a0Boh\u00e9mian\u201d. Implicados neste processo est\u00e3o, segundo os artes\u00e3os, 15 horas de trabalho, sobre 20 e 25 kg de material, todo ele colhido em territ\u00f3rio gaul\u00eas, na regi\u00e3o da cestaria e ainda nas Ardenas.<\/p>\n","protected":false},"excerpt":{"rendered":"Quem esteve presente, ou que temas se escutaram, dividiu aten\u00e7\u00f5es com um detalhe inesperado. Esta quarta-feira, em Saint-Tropez,&hellip;\n","protected":false},"author":2,"featured_media":220861,"comment_status":"","ping_status":"","sticky":false,"template":"","format":"standard","meta":{"footnotes":""},"categories":[85],"tags":[470,315,114,115,186,1079,30639,32,33],"class_list":{"0":"post-220860","1":"post","2":"type-post","3":"status-publish","4":"format-standard","5":"has-post-thumbnail","7":"category-entretenimento","8":"tag-cinema","9":"tag-cultura","10":"tag-entertainment","11":"tag-entretenimento","12":"tag-lifestyle","13":"tag-moda","14":"tag-nostalgia","15":"tag-portugal","16":"tag-pt"},"share_on_mastodon":{"url":"https:\/\/pubeurope.com\/@pt\/115860630605265670","error":""},"_links":{"self":[{"href":"https:\/\/www.europesays.com\/pt\/wp-json\/wp\/v2\/posts\/220860","targetHints":{"allow":["GET"]}}],"collection":[{"href":"https:\/\/www.europesays.com\/pt\/wp-json\/wp\/v2\/posts"}],"about":[{"href":"https:\/\/www.europesays.com\/pt\/wp-json\/wp\/v2\/types\/post"}],"author":[{"embeddable":true,"href":"https:\/\/www.europesays.com\/pt\/wp-json\/wp\/v2\/users\/2"}],"replies":[{"embeddable":true,"href":"https:\/\/www.europesays.com\/pt\/wp-json\/wp\/v2\/comments?post=220860"}],"version-history":[{"count":0,"href":"https:\/\/www.europesays.com\/pt\/wp-json\/wp\/v2\/posts\/220860\/revisions"}],"wp:featuredmedia":[{"embeddable":true,"href":"https:\/\/www.europesays.com\/pt\/wp-json\/wp\/v2\/media\/220861"}],"wp:attachment":[{"href":"https:\/\/www.europesays.com\/pt\/wp-json\/wp\/v2\/media?parent=220860"}],"wp:term":[{"taxonomy":"category","embeddable":true,"href":"https:\/\/www.europesays.com\/pt\/wp-json\/wp\/v2\/categories?post=220860"},{"taxonomy":"post_tag","embeddable":true,"href":"https:\/\/www.europesays.com\/pt\/wp-json\/wp\/v2\/tags?post=220860"}],"curies":[{"name":"wp","href":"https:\/\/api.w.org\/{rel}","templated":true}]}}