{"id":220870,"date":"2026-01-08T17:31:09","date_gmt":"2026-01-08T17:31:09","guid":{"rendered":"https:\/\/www.europesays.com\/pt\/220870\/"},"modified":"2026-01-08T17:31:09","modified_gmt":"2026-01-08T17:31:09","slug":"charles-xavier-pode-morrer-pela-4a-vez-nos-cinemas-em-vingadores","status":"publish","type":"post","link":"https:\/\/www.europesays.com\/pt\/220870\/","title":{"rendered":"Charles Xavier pode morrer pela 4\u00aa vez nos cinemas em Vingadores"},"content":{"rendered":"<p>Charles Xavier (Patrick Stewart) pode estar prestes a repetir um destino que j\u00e1 virou uma marca curiosa de sua trajet\u00f3ria no cinema. O novo teaser de <a href=\"https:\/\/tangerina.uol.com.br\/filmes-series\/vingadores-5-sugere-ameaca-maior-que-thanos-com-doutor-destino\/\" target=\"_blank\" rel=\"noreferrer noopener nofollow\">Vingadores: Doutor Destino<\/a> reacendeu especula\u00e7\u00f5es sobre o futuro do l\u00edder dos X-Men no <a href=\"https:\/\/tangerina.uol.com.br\/filmes-series\/ordem-cronologica-marvel\/\" target=\"_blank\" rel=\"noreferrer noopener nofollow\">MCU (Universo Cinematogr\u00e1fico da Marvel)<\/a>, especialmente ap\u00f3s sua apari\u00e7\u00e3o ao lado de outros rostos cl\u00e1ssicos da franquia mutante.<\/p>\n<p>O Professor X j\u00e1 morreu tr\u00eas vezes nas telonas, sempre em contextos diferentes. Em <strong>X-Men 3: O Confronto Final (2006)<\/strong>, o personagem teve um fim tr\u00e1gico durante o embate contra a F\u00eanix (Famke Janssen), encerrando sua participa\u00e7\u00e3o naquela linha narrativa da Fox.<\/p>\n<p>Anos depois, Patrick Stewart retornou ao papel em <a href=\"https:\/\/www.disneyplus.com\/play\/7c1743ec-7cd6-4da4-9e8c-b713ad4e634a?distributionPartner=google\" target=\"_blank\" rel=\"noreferrer noopener nofollow\">Logan<\/a>, de 2017, em uma das mortes mais impactantes do g\u00eanero de super-her\u00f3is. A despedida de Charles Xavier foi central para o tom sombrio do filme e ajudou a consolidar o longa como um dos cap\u00edtulos mais elogiados da hist\u00f3ria dos X-Men no cinema.<\/p>\n<p>A terceira morte aconteceu j\u00e1 dentro do MCU, em <strong>Doutor Estranho no Multiverso da Loucura (2022)<\/strong>. Naquela ocasi\u00e3o, Charles Xavier apareceu como parte dos Illuminati e teve um fim r\u00e1pido e brutal, refor\u00e7ando a ideia de que nenhuma variante do personagem est\u00e1 realmente a salvo.<\/p>\n<p><img alt=\"Patrick Stewart em cena de Doutor Estranho 2\" src=\"data:image\/gif;base64,R0lGODlhAQABAIAAAAAAAP\/\/\/yH5BAEAAAAALAAAAAABAAEAAAIBRAA7\" decoding=\"async\" style=\"position:absolute;top:0;left:0;bottom:0;right:0;box-sizing:border-box;padding:0;border:none;margin:auto;display:block;width:0;height:0;min-width:100%;max-width:100%;min-height:100%;max-height:100%\"\/><\/p>\n<p font-weight=\"500\" font-size=\"14px\" class=\"style__Typo-sc-1e1gvva-0 ezCJRb\">Patrick Stewart em cena de Doutor Estranho 2<\/p>\n<p font-weight=\"300\" font-size=\"14px\" class=\"style__Typo-sc-1e1gvva-0 fvAQOT\">(Foto: Divulga\u00e7\u00e3o\/Marvel Studios)<\/p>\n<p>Charles Xavier em Vingadores 5<\/p>\n<p>Agora, Vingadores: Doutor Destino surge como um poss\u00edvel novo palco para mais uma despedida. O teaser recente confirmou a presen\u00e7a de Charles Xavier, Magneto (Ian McKellen) e Ciclople (James Marsden), reunindo nomes ic\u00f4nicos da era Fox em um contexto completamente diferente.<\/p>\n<p>A simples reuni\u00e3o desses personagens j\u00e1 \u00e9 suficiente para alimentar teorias sobre sacrif\u00edcios, colapsos de realidades e consequ\u00eancias irrevers\u00edveis. Dentro de uma hist\u00f3ria que promete lidar com multiverso, vers\u00f5es alternativas e amea\u00e7as de escala in\u00e9dita, a morte de Xavier voltaria a ter um peso simb\u00f3lico forte.<\/p>\n<p>Se isso realmente acontecer, Charles Xavier entraria para um grupo rar\u00edssimo de personagens que morreram repetidamente em grandes produ\u00e7\u00f5es de super-her\u00f3is, sempre como pe\u00e7a-chave para mover a trama adiante. Em Vingadores: Doutor Destino, <strong>que estreia em 18 de dezembro<\/strong>, essa poss\u00edvel quarta morte pode servir n\u00e3o s\u00f3 como choque emocional, mas tamb\u00e9m como sinal definitivo de que o MCU est\u00e1 disposto a ir mais longe do que nunca.<\/p>\n<p>Assista abaixo ao teaser dos X-Men em Vingadores: Doutor Destino:<\/p>\n","protected":false},"excerpt":{"rendered":"Charles Xavier (Patrick Stewart) pode estar prestes a repetir um destino que j\u00e1 virou uma marca curiosa de&hellip;\n","protected":false},"author":2,"featured_media":220871,"comment_status":"","ping_status":"","sticky":false,"template":"","format":"standard","meta":{"footnotes":""},"categories":[140],"tags":[114,115,147,148,792,146,32,33,8107],"class_list":{"0":"post-220870","1":"post","2":"type-post","3":"status-publish","4":"format-standard","5":"has-post-thumbnail","7":"category-filmes","8":"tag-entertainment","9":"tag-entretenimento","10":"tag-film","11":"tag-filmes","12":"tag-marvel","13":"tag-movies","14":"tag-portugal","15":"tag-pt","16":"tag-x-men"},"share_on_mastodon":{"url":"https:\/\/pubeurope.com\/@pt\/115860674086656636","error":""},"_links":{"self":[{"href":"https:\/\/www.europesays.com\/pt\/wp-json\/wp\/v2\/posts\/220870","targetHints":{"allow":["GET"]}}],"collection":[{"href":"https:\/\/www.europesays.com\/pt\/wp-json\/wp\/v2\/posts"}],"about":[{"href":"https:\/\/www.europesays.com\/pt\/wp-json\/wp\/v2\/types\/post"}],"author":[{"embeddable":true,"href":"https:\/\/www.europesays.com\/pt\/wp-json\/wp\/v2\/users\/2"}],"replies":[{"embeddable":true,"href":"https:\/\/www.europesays.com\/pt\/wp-json\/wp\/v2\/comments?post=220870"}],"version-history":[{"count":0,"href":"https:\/\/www.europesays.com\/pt\/wp-json\/wp\/v2\/posts\/220870\/revisions"}],"wp:featuredmedia":[{"embeddable":true,"href":"https:\/\/www.europesays.com\/pt\/wp-json\/wp\/v2\/media\/220871"}],"wp:attachment":[{"href":"https:\/\/www.europesays.com\/pt\/wp-json\/wp\/v2\/media?parent=220870"}],"wp:term":[{"taxonomy":"category","embeddable":true,"href":"https:\/\/www.europesays.com\/pt\/wp-json\/wp\/v2\/categories?post=220870"},{"taxonomy":"post_tag","embeddable":true,"href":"https:\/\/www.europesays.com\/pt\/wp-json\/wp\/v2\/tags?post=220870"}],"curies":[{"name":"wp","href":"https:\/\/api.w.org\/{rel}","templated":true}]}}