{"id":220881,"date":"2026-01-08T17:39:11","date_gmt":"2026-01-08T17:39:11","guid":{"rendered":"https:\/\/www.europesays.com\/pt\/220881\/"},"modified":"2026-01-08T17:39:11","modified_gmt":"2026-01-08T17:39:11","slug":"caracas-denuncia-mancha-sem-precedentes-nos-lacos-com-eua-observador","status":"publish","type":"post","link":"https:\/\/www.europesays.com\/pt\/220881\/","title":{"rendered":"Caracas denuncia &#8220;mancha&#8221; sem precedentes nos la\u00e7os com EUA \u2013 Observador"},"content":{"rendered":"<p>Acompanhe o <a href=\"https:\/\/observador.pt\/liveblogs\/delcy-rodriguez-captura-de-maduro-por-eua-foi-uma-mancha-sem-precedentes-nos-lacos-com-washington\/\" rel=\"nofollow noopener\" target=\"_blank\">nosso liveblog sobre a situa\u00e7\u00e3o na Venezuela<\/a><\/p>\n<p>A presidente interina da Venezuela, Delcy Rodr\u00edguez, afirmou, durante uma cerim\u00f3nia oficial, que existe \u201cuma mancha\u201d nas rela\u00e7\u00f5es com os Estados Unidos, desde a captura do Presidente Nicol\u00e1s Maduro pelo ex\u00e9rcito norte-americano.<\/p>\n<p>\u201cNo que diz respeito \u00e0s rela\u00e7\u00f5es entre a Venezuela e os Estados Unidos, a primeira coisa a dizer \u00e9 que h\u00e1 uma mancha nas nossas rela\u00e7\u00f5es que nunca tinha ocorrido na nossa hist\u00f3ria\u201d, afirmou na quarta-feira \u00e0 noite Rodr\u00edguez, antiga vice-presidente do pa\u00eds, investida na segunda-feira como l\u00edder interina.<\/p>\n<p>Rodr\u00edguez disse, no entanto, que as trocas comerciais com os Estados Unidos \u201cn\u00e3o t\u00eam nada de extraordin\u00e1rio nem irregular\u201d, depois de a petrol\u00edfera estatal PDVSA anunciar negocia\u00e7\u00f5es para vender petr\u00f3leo bruto aos Estados Unidos.<\/p>\n<p>O Presidente dos EUA, Donald Trump, garantiu que os respons\u00e1veis interinos venezuelanos v\u00e3o entregar aos Estados Unidos \u201centre 30 e 50 milh\u00f5es de barris de petr\u00f3leo\u201d, o equivalente a um a dois meses de produ\u00e7\u00e3o do pa\u00eds latino-americano.<\/p>\n<p>Na quarta-feira, Washington garantiu que esta transa\u00e7\u00e3o se inscreve no \u00e2mbito de um \u201cacordo hist\u00f3rico\u201d com Caracas, que n\u00e3o se limitar\u00e1 aos milh\u00f5es de barris mencionados.<\/p>\n<p>Donald Trump afirmou posteriormente nas redes sociais que a parte que a Venezuela receber\u00e1 \u201cservir\u00e1 apenas para comprar produtos norte-americanos\u201d, nomeadamente produtos agr\u00edcolas e medicamentos.<\/p>\n<p>No discurso na quarta-feira \u00e0 noite, Delcy Rodr\u00edguez declarou: \u201cAs nossas m\u00e3os est\u00e3o estendidas a todos os pa\u00edses do mundo, para rela\u00e7\u00f5es, para coopera\u00e7\u00e3o econ\u00f3mica, comercial e energ\u00e9tica\u201d.<\/p>\n<p>Donald Trump imp\u00f4s san\u00e7\u00f5es ao petr\u00f3leo venezuelano durante o primeiro mandato, criando uma forma de embargo que os compradores conseguem contornar atrav\u00e9s do uso de frotas chamadas \u201cfantasmas\u201d.<\/p>\n<p>Washington diz estar disposta a levantar essas san\u00e7\u00f5es \u201cde forma seletiva\u201d para poder comercializar o petr\u00f3leo venezuelano no mercado tradicional de petr\u00f3leo.<\/p>\n","protected":false},"excerpt":{"rendered":"Acompanhe o nosso liveblog sobre a situa\u00e7\u00e3o na Venezuela A presidente interina da Venezuela, Delcy Rodr\u00edguez, afirmou, durante&hellip;\n","protected":false},"author":2,"featured_media":220882,"comment_status":"","ping_status":"","sticky":false,"template":"","format":"standard","meta":{"footnotes":""},"categories":[8],"tags":[624,27,28,623,15,16,14,25,26,21,22,62,12,13,19,20,32,23,24,33,17,18,29,30,31,3023],"class_list":{"0":"post-220881","1":"post","2":"type-post","3":"status-publish","4":"format-standard","5":"has-post-thumbnail","7":"category-principais-noticias","8":"tag-amu00e9rica","9":"tag-breaking-news","10":"tag-breakingnews","11":"tag-estados-unidos-da-amu00e9rica","12":"tag-featured-news","13":"tag-featurednews","14":"tag-headlines","15":"tag-latest-news","16":"tag-latestnews","17":"tag-main-news","18":"tag-mainnews","19":"tag-mundo","20":"tag-news","21":"tag-noticias","22":"tag-noticias-principais","23":"tag-noticiasprincipais","24":"tag-portugal","25":"tag-principais-noticias","26":"tag-principaisnoticias","27":"tag-pt","28":"tag-top-stories","29":"tag-topstories","30":"tag-ultimas","31":"tag-ultimas-noticias","32":"tag-ultimasnoticias","33":"tag-venezuela"},"share_on_mastodon":{"url":"https:\/\/pubeurope.com\/@pt\/115860705385129306","error":""},"_links":{"self":[{"href":"https:\/\/www.europesays.com\/pt\/wp-json\/wp\/v2\/posts\/220881","targetHints":{"allow":["GET"]}}],"collection":[{"href":"https:\/\/www.europesays.com\/pt\/wp-json\/wp\/v2\/posts"}],"about":[{"href":"https:\/\/www.europesays.com\/pt\/wp-json\/wp\/v2\/types\/post"}],"author":[{"embeddable":true,"href":"https:\/\/www.europesays.com\/pt\/wp-json\/wp\/v2\/users\/2"}],"replies":[{"embeddable":true,"href":"https:\/\/www.europesays.com\/pt\/wp-json\/wp\/v2\/comments?post=220881"}],"version-history":[{"count":0,"href":"https:\/\/www.europesays.com\/pt\/wp-json\/wp\/v2\/posts\/220881\/revisions"}],"wp:featuredmedia":[{"embeddable":true,"href":"https:\/\/www.europesays.com\/pt\/wp-json\/wp\/v2\/media\/220882"}],"wp:attachment":[{"href":"https:\/\/www.europesays.com\/pt\/wp-json\/wp\/v2\/media?parent=220881"}],"wp:term":[{"taxonomy":"category","embeddable":true,"href":"https:\/\/www.europesays.com\/pt\/wp-json\/wp\/v2\/categories?post=220881"},{"taxonomy":"post_tag","embeddable":true,"href":"https:\/\/www.europesays.com\/pt\/wp-json\/wp\/v2\/tags?post=220881"}],"curies":[{"name":"wp","href":"https:\/\/api.w.org\/{rel}","templated":true}]}}