{"id":220885,"date":"2026-01-08T17:43:12","date_gmt":"2026-01-08T17:43:12","guid":{"rendered":"https:\/\/www.europesays.com\/pt\/220885\/"},"modified":"2026-01-08T17:43:12","modified_gmt":"2026-01-08T17:43:12","slug":"amigos-de-maycon-terao-recebido-ameacas-graves-a-vida-apos-entrevista-polemica-primeira-companhia","status":"publish","type":"post","link":"https:\/\/www.europesays.com\/pt\/220885\/","title":{"rendered":"Amigos de Maycon ter\u00e3o recebido \u00abamea\u00e7as graves \u00e0 vida\u00bb ap\u00f3s entrevista pol\u00e9mica &#8211; Primeira Companhia"},"content":{"rendered":"<p>A morte de <strong>Maycon Douglas<\/strong> continua a ser investigada. Apesar de o corpo do ex-concorrente do <strong>Secret Story 8, <\/strong>que esteve desaparecido durante uma semana, ter dado \u00e0 costa numa praia da Nazar\u00e9, continua em cima da mesa a possibilidade de se tratar de um crime. Dois amigos do jovem concederam uma entrevista \u00e0 <strong>TVI <\/strong>e revelaram que foram \u00abamea\u00e7ados\u00bb para que n\u00e3o dessem informa\u00e7\u00f5es \u00e0 comunica\u00e7\u00e3o social sobre o assunto.<\/p>\n<p>Durante a <strong>Cr\u00f3nica Criminal do Dois \u00e0s 10 <\/strong>desta quinta-feira, 8 de janeiro, <a href=\"https:\/\/tvi.iol.pt\/primeiracompanhia\/maycon\/diogo-carmona\/ator-amigo-de-maycon-faz-partilha-de-partir-o-coracao-so-deus-sabe-o-que-nos-passamos\" rel=\"nofollow noopener\" target=\"_blank\">o rep\u00f3rter Bruno Caetano forneceu outras informa\u00e7\u00f5es relevantes <\/a>sobre o caso: os dois amigos de Maycon que entrevistou durante esta semana foram \u00e0 PJ para prestar declara\u00e7\u00f5es, mas \u00ab<strong>foram mesmo muito maltratados pela parte dos inspetores da Pol\u00edcia Judici\u00e1ria<\/strong>\u00bb, que, alegadamente, n\u00e3o os ter\u00e1 ouvido.<\/p>\n<p>Depois da entrevista que concederam, estes jovens ter\u00e3o sido amea\u00e7ados. \u00ab<strong>N\u00f3s sabemos e temos as provas de que estes jovens j\u00e1 foram amea\u00e7ados por outros <a href=\"https:\/\/tvi.iol.pt\/primeiracompanhia\/fotos\/da-participacao-no-secret-story-ao-pos-reality-as-imagens-dos-melhores-momentos-de-maycon-douglas\/695eaa91d34e92a344971b3d\" rel=\"nofollow noopener\" target=\"_blank\">amigos de Maycon <\/a>por estarem a falar \u00e0 comunica\u00e7\u00e3o social.<\/strong> S\u00e3o amea\u00e7as graves \u00e0 vida de pelo menos dois jovens que falaram connosco e quiseram saber do paradeiro de Maycon\u00bb, disse Bruno Caetano.<\/p>\n<p><strong>Suzana Garcia <\/strong>tamb\u00e9m falou com esses mesmos amigos de Maycon e fez uma revela\u00e7\u00e3o surpreendente sobre a alegada namorada do jovem.<\/p>\n<p>\u00ab<strong>N\u00e3o h\u00e1 namorada nenhuma, sei que h\u00e1 para ai pessoas que se querem fazer passar por namoradas.<\/strong> N\u00e3o h\u00e1. Naquele dia, o Maycon teve uma discuss\u00e3o com uma sujeita com quem ele tinha um relacionamento ocasiona<strong>l<\/strong>\u00bb, come\u00e7ou por dizer a advogada, na <strong>Cr\u00f3nica Criminal do Dois \u00e0s 10 <\/strong>desta quinta-feira, 8 de janeiro.<\/p>\n<p>E acrescentou: \u00ab<strong>S\u00f3 para deixar ficar isto bem claro, n\u00e3o h\u00e1 namorada nenhuma. [&#8230;] Sei eu, porque estes dois jovens confidenciaram comigo que ele n\u00e3o tinha namorada. <\/strong>Ali\u00e1s, era uma pessoa com quem ele sa\u00eda que nem apresentou aos amigos que tinha. S\u00f3 ela \u00e9 que sabia que era namorada, <strong>os amigos mais \u00edntimos do Maycon n\u00e3o sabiam que ela tinha namorada.<\/strong>\u00bb<\/p>\n<p>Suzana Garcia referia-se a<strong> Raquel Coelho,<a href=\"https:\/\/tvi.iol.pt\/primeiracompanhia\/raquel-coelho\/maycon-douglas\/namorada-de-maycon-criticada-apos-declaracao-de-amor-com-fotos-intimas-fizeste-me-voltar-a-acreditar\" rel=\"nofollow noopener\" target=\"_blank\"> <\/a><\/strong><a href=\"https:\/\/tvi.iol.pt\/primeiracompanhia\/raquel-coelho\/maycon-douglas\/namorada-de-maycon-criticada-apos-declaracao-de-amor-com-fotos-intimas-fizeste-me-voltar-a-acreditar\" rel=\"nofollow noopener\" target=\"_blank\">a mulher que \u00e9 apontada como namorada de Maycon Douglas<\/a> e que, na noite anterior, fez uma partilha comovente nas redes sociais, em que se despedia do tamb\u00e9m DJ. Suzana Garcia refor\u00e7ou que quis ouvir estes amigos de Maycon, \u00abn\u00e3o s\u00f3 como advogada, mas como cidad\u00e3\u00bb. \u00ab<strong>Eles sentem-se desconfort\u00e1veis por n\u00e3o se tentar averiguar as diversas coisas<\/strong>\u00bb, disse ainda.<\/p>\n<p>A advogada vai mais longe: \u00ab<strong>Acho curioso que uma destas pessoas tenha feito amea\u00e7as<\/strong>, por escrito, a estes dois jovens que estavam a tentar procurar respostas. Mesmo que eu n\u00e3o concorde com a teoria que eles achem, mesmo que eu ache que foi um suic\u00eddio, n\u00e3o \u00e9 normal que eu fa\u00e7a amea\u00e7as a estas duas pessoas sobre a possibilidade de eles irem \u00e0 PJ apresentar a sua vers\u00e3o\u00bb.<\/p>\n","protected":false},"excerpt":{"rendered":"A morte de Maycon Douglas continua a ser investigada. Apesar de o corpo do ex-concorrente do Secret Story&hellip;\n","protected":false},"author":2,"featured_media":220886,"comment_status":"","ping_status":"","sticky":false,"template":"","format":"standard","meta":{"footnotes":""},"categories":[142],"tags":[41536,114,115,18705,1339,41187,1437,32,33,151,41535],"class_list":{"0":"post-220885","1":"post","2":"type-post","3":"status-publish","4":"format-standard","5":"has-post-thumbnail","7":"category-tv","8":"tag-bastidores-da-recruta","9":"tag-entertainment","10":"tag-entretenimento","11":"tag-entrevistas-concorrentes-tvi","12":"tag-luto","13":"tag-maycon","14":"tag-morte","15":"tag-portugal","16":"tag-pt","17":"tag-tv","18":"tag-vida-fora-da-base"},"share_on_mastodon":{"url":"https:\/\/pubeurope.com\/@pt\/115860721102771511","error":""},"_links":{"self":[{"href":"https:\/\/www.europesays.com\/pt\/wp-json\/wp\/v2\/posts\/220885","targetHints":{"allow":["GET"]}}],"collection":[{"href":"https:\/\/www.europesays.com\/pt\/wp-json\/wp\/v2\/posts"}],"about":[{"href":"https:\/\/www.europesays.com\/pt\/wp-json\/wp\/v2\/types\/post"}],"author":[{"embeddable":true,"href":"https:\/\/www.europesays.com\/pt\/wp-json\/wp\/v2\/users\/2"}],"replies":[{"embeddable":true,"href":"https:\/\/www.europesays.com\/pt\/wp-json\/wp\/v2\/comments?post=220885"}],"version-history":[{"count":0,"href":"https:\/\/www.europesays.com\/pt\/wp-json\/wp\/v2\/posts\/220885\/revisions"}],"wp:featuredmedia":[{"embeddable":true,"href":"https:\/\/www.europesays.com\/pt\/wp-json\/wp\/v2\/media\/220886"}],"wp:attachment":[{"href":"https:\/\/www.europesays.com\/pt\/wp-json\/wp\/v2\/media?parent=220885"}],"wp:term":[{"taxonomy":"category","embeddable":true,"href":"https:\/\/www.europesays.com\/pt\/wp-json\/wp\/v2\/categories?post=220885"},{"taxonomy":"post_tag","embeddable":true,"href":"https:\/\/www.europesays.com\/pt\/wp-json\/wp\/v2\/tags?post=220885"}],"curies":[{"name":"wp","href":"https:\/\/api.w.org\/{rel}","templated":true}]}}