{"id":220909,"date":"2026-01-08T17:59:14","date_gmt":"2026-01-08T17:59:14","guid":{"rendered":"https:\/\/www.europesays.com\/pt\/220909\/"},"modified":"2026-01-08T17:59:14","modified_gmt":"2026-01-08T17:59:14","slug":"pre-venda-para-o-relancamento-da-trilogia-original-de-o-senhor-dos-aneis-ja-esta-aberta-no-brasil","status":"publish","type":"post","link":"https:\/\/www.europesays.com\/pt\/220909\/","title":{"rendered":"Pr\u00e9-venda para o relan\u00e7amento da trilogia original de \u2018O Senhor dos An\u00e9is\u2019 j\u00e1 est\u00e1 aberta no Brasil"},"content":{"rendered":"<p>Falta pouco para revisitarmos a Terra-M\u00e9dia: a pr\u00e9-venda para o relan\u00e7amento da vers\u00e3o estendida da trilogia original de \u201cO Senhor dos An\u00e9is\u201d, cl\u00e1ssico do g\u00eanero de fantasia, est\u00e1 aberta no Brasil.<\/p>\n<p>Agora, por meio do site ou aplicativos da Ingresso.com, j\u00e1 \u00e9 poss\u00edvel garantir os melhores lugares nas sess\u00f5es de \u201c<a href=\"https:\/\/www.ingresso.com\/filme\/o-senhor-dos-aneis-a-sociedade-do-anel-25-aniversario\" target=\"_blank\" rel=\"noopener nofollow\">O Senhor dos An\u00e9is: A Sociedade do Anel<\/a>\u201d, \u201c<a href=\"https:\/\/www.ingresso.com\/filme\/o-senhor-dos-aneis-as-duas-torres-25-aniversario\" target=\"_blank\" rel=\"noopener nofollow\">O Senhor dos An\u00e9is: As Duas Torres<\/a>\u201d e \u201c<a href=\"https:\/\/www.ingresso.com\/filme\/o-senhor-dos-aneis-o-retorno-do-rei-25-aniversario\" target=\"_blank\" rel=\"noopener nofollow\">O Senhor dos An\u00e9is: O Retorno do Rei<\/a>\u201d, que voltam \u00e0s telonas nacionais nos dias 22, 23 e 24 de janeiro, respectivamente, em celebra\u00e7\u00e3o ao vig\u00e9simo quinto anivers\u00e1rio da franquia.<\/p>\n<p><a href=\"https:\/\/www.whatsapp.com\/channel\/0029Va58whvFCCoURznPIG0n\" target=\"_blank\" rel=\"noopener nofollow\">Fa\u00e7a parte do canal do Whatsapp da Ingresso.com e fique por dentro de promo\u00e7\u00f5es e das \u00faltimas not\u00edcias sobre o universo do cinema e da cultura pop!<\/a><\/p>\n<p>Inspirado na obra liter\u00e1ria de J. R. R. Tolkien, a franquia estreou nas telonas em 2001 e se consolidou entre as de maior sucesso da hist\u00f3ria do cinema. Al\u00e9m da trilogia principal e de mais tr\u00eas longas derivados, que acumularam juntos mais de US$ 5,9 bilh\u00f5es nas bilheterias mundiais, a saga conta com uma s\u00e9rie para a Amazon Prime, diversos jogos eletr\u00f4nicos e um prel\u00fadio em anima\u00e7\u00e3o, lan\u00e7ado em 2024.<\/p>\n<p>Ao todo, os filmes conquistaram 17 estatuetas do Oscar 13 BAFTAs ao narrar a hist\u00f3ria de Frodo, um dos hobbits do Condado. Quando seu tio o presenteia com um anel m\u00e1gico e maligno, Frodo inicia uma jornada perigosa para destruir o Um Anel e impedir a ascens\u00e3o de Sauron, um ser antigo e cruel, ao poder. Ao longo da aventura, ele aprende o valor da amizade e conhece lugares e seres misteriosos, incluindo Gollum, um hobbit corrompido e transformado pela posse do Um Anel.<\/p>\n<p>Dirigidos por Peter Jackson, os tr\u00eas longas-metragens originais contaram com a presen\u00e7a de diversos nomes de peso em seus elencos, como Elijah Wood, Ian McKellen, Viggo Mortensen, Liv Tyler, Cate Blanchett, Orlando Bloom, Christopher Lee, Andy Serkis, Karl Urban, Viggo Mortensen, Sean Astin, Miranda Otto e Sean Bean.<\/p>\n<p><a href=\"https:\/\/assine.uol.com.br\/lp\/clube-uol?utm_source=ingresso.com&amp;utm_medium=banner-noticias&amp;utm_campaign=banner-noticias-ingresso.com&amp;utm_content=banner-noticias-ingresso.com\" target=\"_blank\" rel=\"noopener nofollow\"><img loading=\"lazy\" decoding=\"async\" src=\"https:\/\/www.europesays.com\/pt\/wp-content\/uploads\/2026\/01\/e2a983f6-bcde-4289-8c8b-080dedb05462.png\" alt=\"\" width=\"550\" height=\"289\"\/><\/a><\/p>\n","protected":false},"excerpt":{"rendered":"Falta pouco para revisitarmos a Terra-M\u00e9dia: a pr\u00e9-venda para o relan\u00e7amento da vers\u00e3o estendida da trilogia original de&hellip;\n","protected":false},"author":2,"featured_media":220910,"comment_status":"","ping_status":"","sticky":false,"template":"","format":"standard","meta":{"footnotes":""},"categories":[140],"tags":[114,115,147,148,146,32,33],"class_list":{"0":"post-220909","1":"post","2":"type-post","3":"status-publish","4":"format-standard","5":"has-post-thumbnail","7":"category-filmes","8":"tag-entertainment","9":"tag-entretenimento","10":"tag-film","11":"tag-filmes","12":"tag-movies","13":"tag-portugal","14":"tag-pt"},"share_on_mastodon":{"url":"https:\/\/pubeurope.com\/@pt\/115860784210974051","error":""},"_links":{"self":[{"href":"https:\/\/www.europesays.com\/pt\/wp-json\/wp\/v2\/posts\/220909","targetHints":{"allow":["GET"]}}],"collection":[{"href":"https:\/\/www.europesays.com\/pt\/wp-json\/wp\/v2\/posts"}],"about":[{"href":"https:\/\/www.europesays.com\/pt\/wp-json\/wp\/v2\/types\/post"}],"author":[{"embeddable":true,"href":"https:\/\/www.europesays.com\/pt\/wp-json\/wp\/v2\/users\/2"}],"replies":[{"embeddable":true,"href":"https:\/\/www.europesays.com\/pt\/wp-json\/wp\/v2\/comments?post=220909"}],"version-history":[{"count":0,"href":"https:\/\/www.europesays.com\/pt\/wp-json\/wp\/v2\/posts\/220909\/revisions"}],"wp:featuredmedia":[{"embeddable":true,"href":"https:\/\/www.europesays.com\/pt\/wp-json\/wp\/v2\/media\/220910"}],"wp:attachment":[{"href":"https:\/\/www.europesays.com\/pt\/wp-json\/wp\/v2\/media?parent=220909"}],"wp:term":[{"taxonomy":"category","embeddable":true,"href":"https:\/\/www.europesays.com\/pt\/wp-json\/wp\/v2\/categories?post=220909"},{"taxonomy":"post_tag","embeddable":true,"href":"https:\/\/www.europesays.com\/pt\/wp-json\/wp\/v2\/tags?post=220909"}],"curies":[{"name":"wp","href":"https:\/\/api.w.org\/{rel}","templated":true}]}}