{"id":220916,"date":"2026-01-08T18:04:06","date_gmt":"2026-01-08T18:04:06","guid":{"rendered":"https:\/\/www.europesays.com\/pt\/220916\/"},"modified":"2026-01-08T18:04:06","modified_gmt":"2026-01-08T18:04:06","slug":"galp-negoceia-fusao-de-postos-e-refinarias-com-espanhois-da-moeve","status":"publish","type":"post","link":"https:\/\/www.europesays.com\/pt\/220916\/","title":{"rendered":"Galp negoceia fus\u00e3o de postos e refinarias com espanh\u00f3is da Moeve"},"content":{"rendered":"<p>        Galp e Moeve v\u00e3o criar uma das maiores redes ib\u00e9ricas de postos de abastecimento e juntam esfor\u00e7os a n\u00edvel industrial nas suas refinarias. Energ\u00e9tica portuguesa diz que neg\u00f3cio vai permitir refor\u00e7ar o seu foco na produ\u00e7\u00e3o de petr\u00f3leo e g\u00e1s.    <\/p>\n<p>A Galp est\u00e1 em negocia\u00e7\u00f5es com os espanh\u00f3is da Moeve para fundir as suas redes de postos e as suas atividades de refina\u00e7\u00e3o, anunciou hoje a companhia portuguesa.<\/p>\n<p>As empresas chegaram a um acordo n\u00e3o-vinculativo para avan\u00e7ar com \u201cdiscuss\u00f5es detalhadas sobre a potencial jun\u00e7\u00e3o dos seus portef\u00f3lios de Downstream, com o objetivo de criar duas empresas l\u00edderes de energia na Pen\u00ednsula Ib\u00e9rica: a \u201cRetailCo\u201d e a \u201cIndustrialCo\u201d\u201d.<\/p>\n<p>A Moeve \u00e9 a antiga Cepsa, fica sediada em Madrid, e \u00e9 controlado pelos emiratis da Mubadala e pelos americanos do Carlyle Group.<\/p>\n<p>Esta jun\u00e7\u00e3o vai permitir \u201cconsolidar ativos, capacidades e equipas complementares em Portugal e 0 Espanha, com o objetivo de refor\u00e7ar escala, efici\u00eancia operacional e capacidade de investimento, apoiando simultaneamente a transi\u00e7\u00e3o energ\u00e9tica e fortalecendo a resili\u00eancia, fiabilidade e competitividade do sistema energ\u00e9tico ib\u00e9rico\u201d.<\/p>\n<p>\u201cEsta transa\u00e7\u00e3o ir\u00e1 potenciar uma estrat\u00e9gia clara consolidado, crescimento do free cash flow e aumento da capacidade de retorno de capital aos acionistas\u201d, segundo comunicado hoje divulgado pela Galp.<\/p>\n<p>A transa\u00e7\u00e3o ainda est\u00e1 sujeita a mais negocia\u00e7\u00f5es, incluindo um processo aprofundado de due dilligence e a aprova\u00e7\u00f5es internas. A conclus\u00e3o tamb\u00e9m ser\u00e1 sujeita a autoriza\u00e7\u00f5es de reguladores, com o acordo final a ser esperado em meados de 2026.<\/p>\n<p class=\"x_MsoNormal\">A nova rede de postos de abastecimento vai criar um gigante ib\u00e9rico com 3.500 esta\u00e7\u00f5es e com vendas de produtos petrol\u00edferos a clientes diretos na ordem dos 6,5 milh\u00f5es de toneladas, dados de 2025.<\/p>\n<p class=\"x_MsoNormal\">J\u00e1 a IndustrialCO junta a refinaria da Galp com duas da Cepsa e com a capacidade de processamento di\u00e1rio de 700 mil barris. Outra das atra\u00e7\u00f5es nesta vertente, \u00e9 a jun\u00e7\u00e3o dos novos projetos de baixo carbono da Galp em Sines, com o Vale de Hidrog\u00e9nio Verde da Andaluzia que visa a cria\u00e7\u00e3o de dois centros de produ\u00e7\u00e3o de hidrog\u00e9nio verde.<\/p>\n<p class=\"x_MsoNormal\">Esta fus\u00e3o industrial vai posicionar a Ib\u00e9ria como um \u201ccentro industrial competitivo e resiliente\u201d com \u201cescala, integra\u00e7\u00e3o e capacidade para atrair investimento sustentado e avan\u00e7ar com a transi\u00e7\u00e3o energ\u00e9tica em setores dif\u00edceis de abater\u201d.<\/p>\n<p class=\"x_MsoNormal\">Como empresas separadas, \u201cambos os neg\u00f3cios devem ser independentes financeiramente e est\u00e3o bem posicionados para gerar sinergias e efici\u00eancias operacionais, perseguindo oportunidades e avan\u00e7ar com solu\u00e7\u00f5es de transi\u00e7\u00e3o energ\u00e9tica\u201d.<\/p>\n<p><strong>Como fica a fus\u00e3o?<\/strong><\/p>\n<ul>\n<li>No retalho, ser\u00e1 criada uma das maiores redes de esta\u00e7\u00f5es de servi\u00e7o na Pen\u00ednsula Ib\u00e9rica, \u201coferecendo maior escolha, servi\u00e7os de conveni\u00eancia refor\u00e7ados e maior valor para os clientes\u201d;<\/li>\n<li class=\"x_MsoNormal\" data-ogsc=\"rgb(89, 89, 89)\">A n\u00edvel industrial, ser\u00e3o integradas as atividades de refina\u00e7\u00e3o, trading, petroqu\u00edmica e mol\u00e9culas verdes (biocombust\u00edveis e hidrog\u00e9nio), \u201cservindo clientes B2B com maior efici\u00eancia e competitividade global\u201d;<\/li>\n<li class=\"x_MsoNormal\" data-ogsc=\"rgb(89, 89, 89)\">A cria\u00e7\u00e3o de escala e a capacidade de investir vai permitir\u201dacelerar a transi\u00e7\u00e3o energ\u00e9tica europeia e construir a pr\u00f3xima gera\u00e7\u00e3o de campe\u00f5es energ\u00e9ticos europeus\u201d.<\/li>\n<\/ul>\n<p>A Galp diz que vai refor\u00e7ar o seu foco em \u201cgerar valor para os seus acionistas, alavancando as suas posi\u00e7\u00f5es-chave no segmento de Upstream, com um portef\u00f3lio altamente competitivo que se mant\u00e9m como o motor central de crescimento da Empresa, em conjunto com os neg\u00f3cios de Renov\u00e1veis e de Aprovisionamento &amp; Trading de g\u00e1s e eletricidade\u201d.<\/p>\n<p>A transa\u00e7\u00e3o proposta permitir\u00e1 \u00e0 \u201cGalp refor\u00e7ar ainda mais o seu foco estrat\u00e9gico, mantendo-se simultaneamente como um acionista relevante nas duas novas plataformas de Downstream, alavancando as suas posi\u00e7\u00f5es de excel\u00eancia operacional\u201d.<\/p>\n<p><strong>A ideia \u00e9 criar duas plataformas energ\u00e9ticas ib\u00e9ricas:<\/strong><\/p>\n<ul>\n<li>\u201cuma plataforma de mobilidade focada no retalho de combust\u00edveis (incluindo carregamento de ve\u00edculos el\u00e9tricos) e conveni\u00eancia, para servir clientes B2C e apoiar o desenvolvimento de solu\u00e7\u00f5es de mobilidade de proximidade (RetailCo)\u201d;<\/li>\n<\/ul>\n<ul type=\"disc\">\n<li class=\"x_MsoNormal\" data-ogsc=\"rgb(89, 89, 89)\">\u201cuma plataforma industrial focada em refina\u00e7\u00e3o, petroqu\u00edmica, trading e combust\u00edveis de baixo carbono, ao servi\u00e7o de clientes B2B (IndustrialCo)\u201d.<\/li>\n<\/ul>\n<p><strong>Como fica a gest\u00e3o das sociedades?<\/strong><\/p>\n<p>A RetailCo ser\u00e1 controlada pela Galp e pelos acionistas da Moeve, com \u201cparticipa\u00e7\u00f5es acionistas equilibradas, assegurando o alinhamento cont\u00ednuo em mat\u00e9ria de estrat\u00e9gia e decis\u00f5es de investimento\u201d.<\/p>\n<p>A nova sociedade vai tornar-se numa das maiores operadoras de mobilidade da Pen\u00ednsula Ib\u00e9rica, com uma rede com 3.500 postos de abastecimento, a maioria em Portugal e Espanha.<\/p>\n<p>J\u00e1 na IndustrialCo, a Galp vai manter uma participa\u00e7\u00e3o minorit\u00e1ria significativa superior a 20%, \u201cassegurando o alinhamento estrat\u00e9gico de longo prazo, enquanto permitir\u00e1 \u00e0 plataforma operar com a escala e o foco necess\u00e1rios para acelerar a transforma\u00e7\u00e3o industrial\u201d.<\/p>\n<p>\u201cEm particular, a IndustrialCo ser\u00e1 concebida para desempenhar um papel central na atra\u00e7\u00e3o de talento industrial e investimento de longo prazo para a regi\u00e3o, bem como na acelera\u00e7\u00e3o da transforma\u00e7\u00e3o de ativos existentes de refina\u00e7\u00e3o e industriais em hubs multi-energia integrados. Estes ativos apoiar\u00e3o o desenvolvimento e a implementa\u00e7\u00e3o de combust\u00edveis e solu\u00e7\u00f5es de baixo carbono, contribuindo para a reindustrializa\u00e7\u00e3o da Pen\u00ednsula Ib\u00e9rica, refor\u00e7ando a seguran\u00e7a energ\u00e9tica e suportando os objetivos de descarboniza\u00e7\u00e3o em setores de dif\u00edcil abatimento.<\/p>\n<p><strong>E at\u00e9 o neg\u00f3cio ficar fechado?<\/strong><\/p>\n<p>Durante as negocia\u00e7\u00f5es, a Galp e a Moeve v\u00e3o continuar a operar como \u201cempresas independentes, com plena continuidade das opera\u00e7\u00f5es, do abastecimento e do servi\u00e7o aos clientes em todas as atividades e geografias\u201d.<\/p>\n<p>Para o neg\u00f3cio ser fechado \u00e9 preciso ainda proceder \u00e0 \u201cnegocia\u00e7\u00e3o e execu\u00e7\u00e3o de acordos finais e vinculativos, \u00e0s aprova\u00e7\u00f5es societ\u00e1rias necess\u00e1rias e \u00e0s autoriza\u00e7\u00f5es regulat\u00f3rias aplic\u00e1veis. Nesta fase, n\u00e3o foram tomadas decis\u00f5es finais e n\u00e3o existem impactos nas opera\u00e7\u00f5es em curso das empresas, nos seus colaboradores ou nas rela\u00e7\u00f5es comerciais existentes\u201d.<\/p>\n<p>\u201cA Galp e a Moeve comprometem-se a manter o mercado, os colaboradores e os restantes stakeholders relevantes informados, em conformidade com as respetivas obriga\u00e7\u00f5es legais e de divulga\u00e7\u00e3o de informa\u00e7\u00e3o\u201d, pode-se ler no comunicado divulgado.<\/p>\n<p><strong>O que dizem os respons\u00e1veis das duas empresas?<\/strong><\/p>\n<p>Em comunicado, a presidente do conselho de administra\u00e7\u00e3o da Galp Paula Amorim disse: \u201cAo agregar as capacidades e a experi\u00eancia complementares da Galp e da Moeve nas opera\u00e7\u00f5es de Downstream, temos a oportunidade de criar grandes grupos europeus na Pen\u00ednsula Ib\u00e9rica, cada um beneficiando de maior foco, aloca\u00e7\u00e3o de capital ajustada e flexibilidade essencial para impulsionar um crescimento sustent\u00e1vel e gerador de valor. Acredito firmemente que esta oportunidade refor\u00e7a a nossa capacidade de apoiar e promover uma transi\u00e7\u00e3o energ\u00e9tica justa, capaz de endere\u00e7ar a evolu\u00e7\u00e3o das necessidades do mercado e de assegurar um fornecimento de energia seguro e respons\u00e1vel \u00e0 Pen\u00ednsula Ib\u00e9rica.\u201d<\/p>\n<p>J\u00e1 o CEO da Moeve Maarten Wetselaar afirmou: \u201cAo reunir excel\u00eancia industrial, alcance das atividades de Downstream e um forte pipeline de projetos de baixo carbono, pretendemos atrair capital sustentado e acelerar a implementa\u00e7\u00e3o de solu\u00e7\u00f5es que apoiem a competitividade, a descarboniza\u00e7\u00e3o e o crescimento econ\u00f3mico. Na Moeve acreditamos que o investimento disciplinado, a inova\u00e7\u00e3o tecnol\u00f3gica e as parcerias de longo prazo s\u00e3o essenciais para garantir que a transi\u00e7\u00e3o energ\u00e9tica se traduza em neg\u00f3cios pr\u00f3speros e preparados para o futuro na regi\u00e3o\u201d.<\/p>\n","protected":false},"excerpt":{"rendered":"Galp e Moeve v\u00e3o criar uma das maiores redes ib\u00e9ricas de postos de abastecimento e juntam esfor\u00e7os a&hellip;\n","protected":false},"author":2,"featured_media":220576,"comment_status":"","ping_status":"","sticky":false,"template":"","format":"standard","meta":{"footnotes":""},"categories":[83],"tags":[88,89,90,640,365,4851,42664,32,42703,33,42704],"class_list":{"0":"post-220916","1":"post","2":"type-post","3":"status-publish","4":"format-standard","5":"has-post-thumbnail","7":"category-empresas","8":"tag-business","9":"tag-economy","10":"tag-empresas","11":"tag-espanha","12":"tag-fusao","13":"tag-galp","14":"tag-moeve","15":"tag-portugal","16":"tag-postos","17":"tag-pt","18":"tag-refinacao"},"share_on_mastodon":{"url":"https:\/\/pubeurope.com\/@pt\/115860803775365916","error":""},"_links":{"self":[{"href":"https:\/\/www.europesays.com\/pt\/wp-json\/wp\/v2\/posts\/220916","targetHints":{"allow":["GET"]}}],"collection":[{"href":"https:\/\/www.europesays.com\/pt\/wp-json\/wp\/v2\/posts"}],"about":[{"href":"https:\/\/www.europesays.com\/pt\/wp-json\/wp\/v2\/types\/post"}],"author":[{"embeddable":true,"href":"https:\/\/www.europesays.com\/pt\/wp-json\/wp\/v2\/users\/2"}],"replies":[{"embeddable":true,"href":"https:\/\/www.europesays.com\/pt\/wp-json\/wp\/v2\/comments?post=220916"}],"version-history":[{"count":0,"href":"https:\/\/www.europesays.com\/pt\/wp-json\/wp\/v2\/posts\/220916\/revisions"}],"wp:featuredmedia":[{"embeddable":true,"href":"https:\/\/www.europesays.com\/pt\/wp-json\/wp\/v2\/media\/220576"}],"wp:attachment":[{"href":"https:\/\/www.europesays.com\/pt\/wp-json\/wp\/v2\/media?parent=220916"}],"wp:term":[{"taxonomy":"category","embeddable":true,"href":"https:\/\/www.europesays.com\/pt\/wp-json\/wp\/v2\/categories?post=220916"},{"taxonomy":"post_tag","embeddable":true,"href":"https:\/\/www.europesays.com\/pt\/wp-json\/wp\/v2\/tags?post=220916"}],"curies":[{"name":"wp","href":"https:\/\/api.w.org\/{rel}","templated":true}]}}