{"id":220921,"date":"2026-01-08T18:08:10","date_gmt":"2026-01-08T18:08:10","guid":{"rendered":"https:\/\/www.europesays.com\/pt\/220921\/"},"modified":"2026-01-08T18:08:10","modified_gmt":"2026-01-08T18:08:10","slug":"antonio-bravo-namorou-com-famoso-ator-portugues-aturei-o-durante-dois-anos-e-nao-correu-bem-primeira-companhia","status":"publish","type":"post","link":"https:\/\/www.europesays.com\/pt\/220921\/","title":{"rendered":"Ant\u00f3nio Bravo namorou com famoso ator portugu\u00eas? \u00abAturei-o durante dois anos e n\u00e3o correu bem\u00bb &#8211; Primeira Companhia"},"content":{"rendered":"<p data-end=\"498\" data-start=\"231\">Fl\u00e1vio Furtado esteve \u00e0 conversa com Ant\u00f3nio Bravo, ex-concorrente do Big Brother, no mais recente epis\u00f3dio do The Leite Show, um videocast que tem vindo a destacar-se pelas entrevistas diretas e sem filtros a figuras p\u00fablicas e ex-participantes de reality shows e n\u00e3o s\u00f3.<\/p>\n<p data-end=\"650\" data-start=\"500\">Durante a conversa, Fl\u00e1vio n\u00e3o hesitou em lan\u00e7ar uma quest\u00e3o que rapidamente chamou a aten\u00e7\u00e3o dos espectadores:<br data-end=\"614\" data-start=\"611\"\/> <strong>\u00abPorque bloqueaste o Pedro Granger?\u00bb<\/strong><\/p>\n<p data-end=\"769\" data-start=\"652\">Sem rodeios, Ant\u00f3nio Bravo respondeu de forma assertiva:<br data-end=\"711\" data-start=\"708\"\/> <strong>\u00abAturei-o durante dois anos e a coisa n\u00e3o correu bem&#8230; e n\u00e3o me apetece atur\u00e1-lo nunca mais.\u00bb<\/strong><\/p>\n<p data-end=\"1083\" data-start=\"771\">A resposta, curta mas incisiva, n\u00e3o passou despercebida e rapidamente gerou coment\u00e1rios e especula\u00e7\u00f5es nas redes sociais. Muitos internautas questionaram a natureza da rela\u00e7\u00e3o entre <strong>Ant\u00f3nio Bravo e Pedro Granger<\/strong>, conhecido ator da TVI e atual jurado de um programa de talentos apresentado por Manuel Lu\u00eds Goucha.<\/p>\n<p data-end=\"1399\" data-start=\"1085\">O tom da resposta levou alguns a levantar a hip\u00f3tese de uma liga\u00e7\u00e3o mais pr\u00f3xima entre os dois no passado, alimentando rumores sobre um eventual envolvimento pessoal. No entanto, at\u00e9 ao momento, nenhum dos visados confirmou ou esclareceu publicamente o teor dessa rela\u00e7\u00e3o, mantendo-se tudo no campo da especula\u00e7\u00e3o.<\/p>\n<p data-end=\"1627\" data-start=\"1401\">Fiel ao seu estilo provocador, Fl\u00e1vio Furtado conseguiu, mais uma vez, criar um momento medi\u00e1tico que promete continuar a dar que falar, refor\u00e7ando o impacto do The Leite Show no universo do entretenimento digital portugu\u00eas.<\/p>\n<p data-end=\"1627\" data-start=\"1401\"><strong>Veja o momento:<\/strong><\/p>\n","protected":false},"excerpt":{"rendered":"Fl\u00e1vio Furtado esteve \u00e0 conversa com Ant\u00f3nio Bravo, ex-concorrente do Big Brother, no mais recente epis\u00f3dio do The&hellip;\n","protected":false},"author":2,"featured_media":220922,"comment_status":"","ping_status":"","sticky":false,"template":"","format":"standard","meta":{"footnotes":""},"categories":[145],"tags":[32685,18968,6781,41432,211,210,41409,328,114,115,980,330,41431,32686,338,31995,32,40325,33,41430,25009,162],"class_list":{"0":"post-220921","1":"post","2":"type-post","3":"status-publish","4":"format-standard","5":"has-post-thumbnail","7":"category-celebridades","8":"tag-1a-companhia","9":"tag-antonio-bravo","10":"tag-base","11":"tag-bucelas","12":"tag-celebridades","13":"tag-celebrities","14":"tag-comandante","15":"tag-concorrentes","16":"tag-entertainment","17":"tag-entretenimento","18":"tag-famosos","19":"tag-gala","20":"tag-instrutores","21":"tag-jose-moutinho","22":"tag-maria-botelho-moniz","23":"tag-pedro-granger","24":"tag-portugal","25":"tag-primeira-companhia","26":"tag-pt","27":"tag-recruta","28":"tag-recrutas","29":"tag-tvi"},"share_on_mastodon":{"url":"https:\/\/pubeurope.com\/@pt\/115860819425720897","error":""},"_links":{"self":[{"href":"https:\/\/www.europesays.com\/pt\/wp-json\/wp\/v2\/posts\/220921","targetHints":{"allow":["GET"]}}],"collection":[{"href":"https:\/\/www.europesays.com\/pt\/wp-json\/wp\/v2\/posts"}],"about":[{"href":"https:\/\/www.europesays.com\/pt\/wp-json\/wp\/v2\/types\/post"}],"author":[{"embeddable":true,"href":"https:\/\/www.europesays.com\/pt\/wp-json\/wp\/v2\/users\/2"}],"replies":[{"embeddable":true,"href":"https:\/\/www.europesays.com\/pt\/wp-json\/wp\/v2\/comments?post=220921"}],"version-history":[{"count":0,"href":"https:\/\/www.europesays.com\/pt\/wp-json\/wp\/v2\/posts\/220921\/revisions"}],"wp:featuredmedia":[{"embeddable":true,"href":"https:\/\/www.europesays.com\/pt\/wp-json\/wp\/v2\/media\/220922"}],"wp:attachment":[{"href":"https:\/\/www.europesays.com\/pt\/wp-json\/wp\/v2\/media?parent=220921"}],"wp:term":[{"taxonomy":"category","embeddable":true,"href":"https:\/\/www.europesays.com\/pt\/wp-json\/wp\/v2\/categories?post=220921"},{"taxonomy":"post_tag","embeddable":true,"href":"https:\/\/www.europesays.com\/pt\/wp-json\/wp\/v2\/tags?post=220921"}],"curies":[{"name":"wp","href":"https:\/\/api.w.org\/{rel}","templated":true}]}}