{"id":220923,"date":"2026-01-08T18:09:12","date_gmt":"2026-01-08T18:09:12","guid":{"rendered":"https:\/\/www.europesays.com\/pt\/220923\/"},"modified":"2026-01-08T18:09:12","modified_gmt":"2026-01-08T18:09:12","slug":"dia-do-fotografo-confira-uma-galeria-especial-com-belezas-do-es-folha-vitoria","status":"publish","type":"post","link":"https:\/\/www.europesays.com\/pt\/220923\/","title":{"rendered":"Dia do Fot\u00f3grafo: confira uma galeria especial com belezas do ES &#8211; Folha Vit\u00f3ria"},"content":{"rendered":"<ol>\n<li><a href=\"https:\/\/news.google.com\/rss\/articles\/CBMiqgFBVV95cUxNWmtIeUFMQnh3bG9wVWJjVTBQWlhZYVBDZ1A0XzdqSEc0ZFg5STVQME0wWGVTVWN2MHIzV1ZKbUR3UmpKS3ZMdnJrNnJNNGF4Y3RzUkVJYjZud1BxSVZDNVFpTWc2WDA4MUJIT2NFblBqOWZFOVBiM3BoU2QzZ3ZZSXNHTXNUcHVXa092dHBvWC1adkl3dWowcERzNXQ3Z0d2R1U3bzIzTUxXZw?oc=5\" target=\"_blank\" rel=\"nofollow noopener\">Dia do Fot\u00f3grafo: confira uma galeria especial com belezas do ES<\/a>&nbsp;&nbsp;Folha Vit\u00f3ria<\/li>\n<li><a href=\"https:\/\/news.google.com\/rss\/articles\/CBMiiAJBVV95cUxQejlocnNOQWVVYVlBVG50alRuRVVENkFVTHBRNkYza05rRlpDV2RIX2NvV3cwQV8tdnNhLWFCclZzVXh0aDFvQWVfZGFYLVJQVHRyZTZWQktXM2RybHFnRzdNcGwzNXZ6TDRhMkhWOGdvVk8tNU40SW84YmVVeFVWRHhZSEpTWmFubVRGVkZfdm1lWlVpT2dmMHNqOW5kcjFEbWI1Tk5qNnc4QmozZE44YUdrd1NXZFRpRXJvTFU4UUh2blF1MEFNbTVCS2Jkd1ZuTzhrNXpvXzhNN0xOQVAySEZmb0N3NURPSDJKYWFvcGpudHJXdUprcV9Rb0JoUWtlVVJxbWpybEQ?oc=5\" target=\"_blank\" rel=\"nofollow noopener\">Agencia de Comunicac\u00e3o &#8211; O olhar desconhecido por tr\u00e1s da hist\u00f3ria: fotografias que transformaram obra em mem\u00f3ria<\/a>&nbsp;&nbsp;Estad\u00e3o Blue Studio<\/li>\n<li><a href=\"https:\/\/news.google.com\/rss\/articles\/CBMi-wFBVV95cUxOYktucE5tQThVbURrZXl4UF94SjJOYlN4ZV9RS2pTSGRDSjhNcDNZYl9nbUliRnFRRkpldjdvQk5mUi0tQkJsbmtfbnhHdlZPQVRoNWUxcl9EOGZ3ZE1zOVlLR1o4aDVGSXlQdmRENXc0M05ndmNGdzRmXzdSWThiLXFNazRuOGtnU2ZLUVNmMVMta2pISXY4TGhxLU9fVEZCT2IxSE5hTVJlSHJ1X0MyakJWSWFHUXlQNGt0MnBRZUR5ZzJQQ0lOaTVtSkhSRUtGVDNEaHpXQ1NPcHVjRjhGT1hrakx2VXRMTEhtZ1BnU2p2aEcwRFlSaXNrbw?oc=5\" target=\"_blank\" rel=\"nofollow noopener\">Dia Nacional da Fotografia: profissionais do Vale do S\u00e3o Francisco celebram arte de registrar momentos<\/a>&nbsp;&nbsp;G1<\/li>\n<li><a href=\"https:\/\/news.google.com\/rss\/articles\/CBMiqwFBVV95cUxQdXlyWHJMN1NxR29HX0NPbDAzT2g1cERZOEk4RG4teFlyZTd0VE9uWEJ6aVh3RlRqNHN2TFUtZjdYN0RkR3o5YUxqekIwVDJGS2JOZkI3SlJicUNESjkxRFYtd1M3VlRLQ21aRjJNQkQ2OGY4Rzc4U1VWN3JHelQwQi1YWDhhampLMG10UjNqNTg4cU9NbnJwTlZHWF9Rdk1yeWdqTk9VRWotZUE?oc=5\" target=\"_blank\" rel=\"nofollow noopener\">Oito de janeiro celebra o Dia do Fot\u00f3grafo<\/a>&nbsp;&nbsp;Correio do Povo<\/li>\n<li><a href=\"https:\/\/news.google.com\/rss\/articles\/CBMixgFBVV95cUxQc1NncXdEbTMwdWIyNEFuYW5Va01GVDVZVk1fWlZaQjB2V2dSenRtbHNGYTFKMjFKQ0RQY1FmOFFKVDZwN1k1UE9BNXptckphSWJZY3pKUDVQOUc0OWViRjVSNUtDUzBMNEVSa2wyaThTTUY1RHZVUHF3MEhTVVB5LW05ZEdmeG1VRzBqZkVadTJPRkFnWkw1ZHZBWmVUQXV4b3plVEtGVzQ4UlJXZjlJRzkzd2pYUnRSNWxRSV9veFIwNU1fNmc?oc=5\" target=\"_blank\" rel=\"nofollow noopener\">Dia Nacional da Fotografia: especialista analisa crescimento do setor e impacto das novas tecnologias<\/a>&nbsp;&nbsp;R\u00e1dio Uirapuru<\/li>\n<\/ol>\n","protected":false},"excerpt":{"rendered":"Dia do Fot\u00f3grafo: confira uma galeria especial com belezas do ES&nbsp;&nbsp;Folha Vit\u00f3ria Agencia de Comunicac\u00e3o &#8211; O olhar&hellip;\n","protected":false},"author":2,"featured_media":196976,"comment_status":"","ping_status":"","sticky":false,"template":"","format":"standard","meta":{"footnotes":""},"categories":[144],"tags":[207,205,206,203,201,202,204,114,115,32,33],"class_list":{"0":"post-220923","1":"post","2":"type-post","3":"status-publish","4":"format-standard","5":"has-post-thumbnail","7":"category-arte-e-design","8":"tag-arte","9":"tag-arte-e-design","10":"tag-artedesign","11":"tag-arts","12":"tag-arts-and-design","13":"tag-artsanddesign","14":"tag-design","15":"tag-entertainment","16":"tag-entretenimento","17":"tag-portugal","18":"tag-pt"},"share_on_mastodon":{"url":"https:\/\/pubeurope.com\/@pt\/115860823277261504","error":""},"_links":{"self":[{"href":"https:\/\/www.europesays.com\/pt\/wp-json\/wp\/v2\/posts\/220923","targetHints":{"allow":["GET"]}}],"collection":[{"href":"https:\/\/www.europesays.com\/pt\/wp-json\/wp\/v2\/posts"}],"about":[{"href":"https:\/\/www.europesays.com\/pt\/wp-json\/wp\/v2\/types\/post"}],"author":[{"embeddable":true,"href":"https:\/\/www.europesays.com\/pt\/wp-json\/wp\/v2\/users\/2"}],"replies":[{"embeddable":true,"href":"https:\/\/www.europesays.com\/pt\/wp-json\/wp\/v2\/comments?post=220923"}],"version-history":[{"count":0,"href":"https:\/\/www.europesays.com\/pt\/wp-json\/wp\/v2\/posts\/220923\/revisions"}],"wp:featuredmedia":[{"embeddable":true,"href":"https:\/\/www.europesays.com\/pt\/wp-json\/wp\/v2\/media\/196976"}],"wp:attachment":[{"href":"https:\/\/www.europesays.com\/pt\/wp-json\/wp\/v2\/media?parent=220923"}],"wp:term":[{"taxonomy":"category","embeddable":true,"href":"https:\/\/www.europesays.com\/pt\/wp-json\/wp\/v2\/categories?post=220923"},{"taxonomy":"post_tag","embeddable":true,"href":"https:\/\/www.europesays.com\/pt\/wp-json\/wp\/v2\/tags?post=220923"}],"curies":[{"name":"wp","href":"https:\/\/api.w.org\/{rel}","templated":true}]}}