{"id":220939,"date":"2026-01-08T18:20:08","date_gmt":"2026-01-08T18:20:08","guid":{"rendered":"https:\/\/www.europesays.com\/pt\/220939\/"},"modified":"2026-01-08T18:20:08","modified_gmt":"2026-01-08T18:20:08","slug":"como-destruir-um-pais-em-dez-anos","status":"publish","type":"post","link":"https:\/\/www.europesays.com\/pt\/220939\/","title":{"rendered":"Como destruir um pa\u00eds em dez anos"},"content":{"rendered":"<p class=\"texto\">H\u00e1 poucas estat\u00edsticas que reflitam de forma t\u00e3o brutal o colapso econ\u00f3mico da Venezuela: em 2017, cada venezuelano perdeu, em m\u00e9dia, 8 kg de peso. Hiperinfla\u00e7\u00e3o, falta de comida, criminalidade, beb\u00e9s em caixas de papel\u00e3o nas maternidades. Um retrato assustador de um pa\u00eds em crise grave que, sem surpresa, levou \u00e0 sa\u00edda de oito milh\u00f5es de pessoas em menos de uma d\u00e9cada. E obrigou a solu\u00e7\u00f5es extremas para lidar com a infla\u00e7\u00e3o. Contava a revista \u201cThe Economist\u201d, em julho de 2018, que muitas pessoas optavam por usar ovos em vez de dinheiro: perdiam menos valor e eram, ao mesmo tempo, uma excelente fonte de prote\u00edna.<\/p>\n<p><a href=\"https:\/\/expresso.pt\/subscrever?action=GEN&amp;channel=BAF&amp;type=CAP&amp;source=WEB&amp;returnUrl=https:\/\/expresso.pt\/opiniao\/2026-01-08-como-destruir-um-pais-em-dez-anos-7b19a7df&amp;utm_source=expresso&amp;utm_medium=locked_article&amp;locked=true&amp;article_id=7ec72cd0-ed65-4c1d-add9-55421eb271ae&amp;author_id=Jo\u00e3o+Silvestre&amp;category=Opini\u00e3o\" target=\"_self\" class=\"\" rel=\"nofollow noopener\">Subscrever<\/a>J\u00e1 \u00e9 Subscritor?Fa\u00e7a login e continue a ler<a href=\"http:\/\/expresso.pt\/codigo?redirectUrl=https:\/\/expresso.pt\/opiniao\/2026-01-08-como-destruir-um-pais-em-dez-anos-7b19a7df\" target=\"_self\" class=\"\" rel=\"nofollow noopener\">Inserir C\u00f3digo<\/a>Comprou o Expresso?Insira o c\u00f3digo presente na Revista E para continuar a ler<\/p>\n","protected":false},"excerpt":{"rendered":"H\u00e1 poucas estat\u00edsticas que reflitam de forma t\u00e3o brutal o colapso econ\u00f3mico da Venezuela: em 2017, cada venezuelano&hellip;\n","protected":false},"author":2,"featured_media":220940,"comment_status":"","ping_status":"","sticky":false,"template":"","format":"standard","meta":{"footnotes":""},"categories":[50],"tags":[27,28,15,16,14,25,26,21,22,62,12,13,19,20,23,24,17,18,29,30,31,63,64,65],"class_list":{"0":"post-220939","1":"post","2":"type-post","3":"status-publish","4":"format-standard","5":"has-post-thumbnail","7":"category-mundo","8":"tag-breaking-news","9":"tag-breakingnews","10":"tag-featured-news","11":"tag-featurednews","12":"tag-headlines","13":"tag-latest-news","14":"tag-latestnews","15":"tag-main-news","16":"tag-mainnews","17":"tag-mundo","18":"tag-news","19":"tag-noticias","20":"tag-noticias-principais","21":"tag-noticiasprincipais","22":"tag-principais-noticias","23":"tag-principaisnoticias","24":"tag-top-stories","25":"tag-topstories","26":"tag-ultimas","27":"tag-ultimas-noticias","28":"tag-ultimasnoticias","29":"tag-world","30":"tag-world-news","31":"tag-worldnews"},"share_on_mastodon":{"url":"https:\/\/pubeurope.com\/@pt\/115860866510390648","error":""},"_links":{"self":[{"href":"https:\/\/www.europesays.com\/pt\/wp-json\/wp\/v2\/posts\/220939","targetHints":{"allow":["GET"]}}],"collection":[{"href":"https:\/\/www.europesays.com\/pt\/wp-json\/wp\/v2\/posts"}],"about":[{"href":"https:\/\/www.europesays.com\/pt\/wp-json\/wp\/v2\/types\/post"}],"author":[{"embeddable":true,"href":"https:\/\/www.europesays.com\/pt\/wp-json\/wp\/v2\/users\/2"}],"replies":[{"embeddable":true,"href":"https:\/\/www.europesays.com\/pt\/wp-json\/wp\/v2\/comments?post=220939"}],"version-history":[{"count":0,"href":"https:\/\/www.europesays.com\/pt\/wp-json\/wp\/v2\/posts\/220939\/revisions"}],"wp:featuredmedia":[{"embeddable":true,"href":"https:\/\/www.europesays.com\/pt\/wp-json\/wp\/v2\/media\/220940"}],"wp:attachment":[{"href":"https:\/\/www.europesays.com\/pt\/wp-json\/wp\/v2\/media?parent=220939"}],"wp:term":[{"taxonomy":"category","embeddable":true,"href":"https:\/\/www.europesays.com\/pt\/wp-json\/wp\/v2\/categories?post=220939"},{"taxonomy":"post_tag","embeddable":true,"href":"https:\/\/www.europesays.com\/pt\/wp-json\/wp\/v2\/tags?post=220939"}],"curies":[{"name":"wp","href":"https:\/\/api.w.org\/{rel}","templated":true}]}}