{"id":220958,"date":"2026-01-08T18:34:12","date_gmt":"2026-01-08T18:34:12","guid":{"rendered":"https:\/\/www.europesays.com\/pt\/220958\/"},"modified":"2026-01-08T18:34:12","modified_gmt":"2026-01-08T18:34:12","slug":"pensoes-de-reforma-sao-pagas-hoje-human-resources","status":"publish","type":"post","link":"https:\/\/www.europesays.com\/pt\/220958\/","title":{"rendered":"Pens\u00f5es de reforma s\u00e3o pagas hoje \u2013 Human Resources"},"content":{"rendered":"\n<p>Apoios da Seguran\u00e7a Social: Pens\u00f5es de reforma s\u00e3o pagas hoje \u2013 Human Resources<\/p>\n<ul class=\"bf-breadcrumb-items\" itemscope=\"\" itemtype=\"http:\/\/schema.org\/BreadcrumbList\">\n<li itemprop=\"itemListElement\" itemscope=\"\" itemtype=\"http:\/\/schema.org\/ListItem\" class=\"bf-breadcrumb-item bf-breadcrumb-begin\"><a itemprop=\"item\" href=\"https:\/\/hrportugal.sapo.pt\" rel=\"home nofollow noopener\" target=\"_blank\">Home<\/a><\/li>\n<li itemprop=\"itemListElement\" itemscope=\"\" itemtype=\"http:\/\/schema.org\/ListItem\" class=\"bf-breadcrumb-item\"><a itemprop=\"item\" href=\"https:\/\/hrportugal.sapo.pt\/categoria\/linkedin\/\" rel=\"nofollow noopener\" target=\"_blank\">Linkedin<\/a><\/li>\n<li itemprop=\"itemListElement\" itemscope=\"\" itemtype=\"http:\/\/schema.org\/ListItem\" class=\"bf-breadcrumb-item bf-breadcrumb-end\">Apoios da Seguran\u00e7a Social: Pens\u00f5es de reforma s\u00e3o pagas hoje<\/li>\n<\/ul>\n","protected":false},"excerpt":{"rendered":"Apoios da Seguran\u00e7a Social: Pens\u00f5es de reforma s\u00e3o pagas hoje \u2013 Human Resources Home Linkedin Apoios da Seguran\u00e7a&hellip;\n","protected":false},"author":2,"featured_media":6935,"comment_status":"","ping_status":"","sticky":false,"template":"","format":"standard","meta":{"footnotes":""},"categories":[83],"tags":[88,89,90,619,9519,32,33,915,31084],"class_list":{"0":"post-220958","1":"post","2":"type-post","3":"status-publish","4":"format-standard","5":"has-post-thumbnail","7":"category-empresas","8":"tag-business","9":"tag-economy","10":"tag-empresas","11":"tag-nacional","12":"tag-pagamentos","13":"tag-portugal","14":"tag-pt","15":"tag-seguranca-social","16":"tag-subsidios"},"share_on_mastodon":{"url":"https:\/\/pubeurope.com\/@pt\/115860921964359303","error":""},"_links":{"self":[{"href":"https:\/\/www.europesays.com\/pt\/wp-json\/wp\/v2\/posts\/220958","targetHints":{"allow":["GET"]}}],"collection":[{"href":"https:\/\/www.europesays.com\/pt\/wp-json\/wp\/v2\/posts"}],"about":[{"href":"https:\/\/www.europesays.com\/pt\/wp-json\/wp\/v2\/types\/post"}],"author":[{"embeddable":true,"href":"https:\/\/www.europesays.com\/pt\/wp-json\/wp\/v2\/users\/2"}],"replies":[{"embeddable":true,"href":"https:\/\/www.europesays.com\/pt\/wp-json\/wp\/v2\/comments?post=220958"}],"version-history":[{"count":0,"href":"https:\/\/www.europesays.com\/pt\/wp-json\/wp\/v2\/posts\/220958\/revisions"}],"wp:featuredmedia":[{"embeddable":true,"href":"https:\/\/www.europesays.com\/pt\/wp-json\/wp\/v2\/media\/6935"}],"wp:attachment":[{"href":"https:\/\/www.europesays.com\/pt\/wp-json\/wp\/v2\/media?parent=220958"}],"wp:term":[{"taxonomy":"category","embeddable":true,"href":"https:\/\/www.europesays.com\/pt\/wp-json\/wp\/v2\/categories?post=220958"},{"taxonomy":"post_tag","embeddable":true,"href":"https:\/\/www.europesays.com\/pt\/wp-json\/wp\/v2\/tags?post=220958"}],"curies":[{"name":"wp","href":"https:\/\/api.w.org\/{rel}","templated":true}]}}