{"id":220959,"date":"2026-01-08T18:35:07","date_gmt":"2026-01-08T18:35:07","guid":{"rendered":"https:\/\/www.europesays.com\/pt\/220959\/"},"modified":"2026-01-08T18:35:07","modified_gmt":"2026-01-08T18:35:07","slug":"mulher-morta-pelo-ice-tinha-tres-filhos-e-era-poeta-observador","status":"publish","type":"post","link":"https:\/\/www.europesays.com\/pt\/220959\/","title":{"rendered":"Mulher morta pelo ICE tinha tr\u00eas filhos e era &#8220;poeta&#8221; \u2013 Observador"},"content":{"rendered":"<p>\u201cPoeta, escritora, esposa, m\u00e3e e guitarrista med\u00edocre do Colorado\u201d a \u201cexperimentar Minneapolis\u201d. A descri\u00e7\u00e3o surge na conta de Instagram de Renee Nicole Macklin Good, identificada como a mulher norte-americana de 37 anos morta a tiro por agentes do Servi\u00e7o de Imigra\u00e7\u00e3o e Alf\u00e2ndega dos EUA (ICE) na quarta-feira, no estado de Minnesota.<\/p>\n<p>O Departamento de Seguran\u00e7a Interno (DHS) disse que Renee Good era uma manifestante violenta que confrontou os agentes durante uma opera\u00e7\u00e3o em Minneapolis. Segundo a respons\u00e1vel, Kristi Noem, a mulher \u201cperseguiu e impediu\u201d os agentes de trabalhar durante o dia e usou o carro como \u201carma\u201d para os atropelar, tendo um agente \u201cusado o treino recebido para salvar a sua pr\u00f3pria vida e a dos colegas\u201d. O Presidente norte-americano, Donald Trump, descreveu-a como uma \u201cagitadora\u201d e o vice-presidente, JD Vance, afirmou que se tratou de uma \u201ctrag\u00e9dia\u201d provocada pela pr\u00f3pria Renee Good.<\/p>\n<p>A forma como o ICE lidou com a situa\u00e7\u00e3o gerou duras cr\u00edticas das autoridades locais e do Minnesota, que acusam o servi\u00e7o de imigra\u00e7\u00e3o de provocar o \u201ccaos\u201d e tornar as comunidades \u201cmenos seguras\u201d, e provocou uma onda de protestos em v\u00e1rias cidades, incluindo Chicago, Nova Iorque, S\u00e3o Francisco e Washington.<\/p>\n<p>O presidente da c\u00e2mara de Minneapolis, Jacob Frey, classificou os relatos das autoridades federais como um \u201cdisparate\u201d, descrevendo os tiros como \u201cum agente a usar o poder de forma imprudente\u201d. \u201cN\u00e3o acreditem nesta m\u00e1quina de propaganda\u201d, disse por sua vez o governador de Minnesota, Tim Walz. \u201c\u00c9 nojento ver o Presidente Trump e a secret\u00e1ria Noem a tentarem enganar-nos irresponsavelmente com uma hist\u00f3ria de que esta mulher era perigosa e uma terrorista dom\u00e9stica, <strong>aparentemente justificando esta viol\u00eancia sem qualquer investiga\u00e7\u00e3o\u201d<\/strong>, criticou ainda a senadora do Minnesota Tina Smith.<\/p>\n<p>V\u00eddeos do momento mostram um elemento do ICE a tentar abrir a porta do carro enquanto Good estava a fazer marcha atr\u00e1s. O Honda avan\u00e7a ent\u00e3o um pouco para frente, ficando muito pr\u00f3ximo do local onde estava outro agente, que dispara junto \u00e0 janela pelo menos duas vezes. O carro segue uns metros em frente e acaba por embater num outro que estava estacionado na rua.<\/p>\n<blockquote class=\"wp-embedded-content\" data-secret=\"BrS5Ll95uf\">\n<p><a href=\"https:\/\/observador.pt\/2026\/01\/07\/agente-do-ice-mata-mulher-a-tiro-durante-operacao-policial-em-minneapolis\/\" rel=\"nofollow noopener\" target=\"_blank\">Agente do ICE mata mulher a tiro durante opera\u00e7\u00e3o policial em Minneapolis<\/a><\/p>\n<\/blockquote>\n<p>Ao <a href=\"https:\/\/www.washingtonpost.com\/immigration\/2026\/01\/08\/renee-good-ice-who-is\/\" target=\"_blank\" rel=\"noopener nofollow\">Washington Post<\/a>, o pai de Renee Good disse que a fam\u00edlia foi notificada da morte ao in\u00edcio do dia de quarta-feira. Adiantou que a filha viveu a maior parte dos seus anos no Colorado, mas que durante um curto per\u00edodo de tempo esteve com os pais em Kansas depois da morte do segundo marido, um veterano do ex\u00e9rcito, h\u00e1 cerca de tr\u00eas anos: Tim Macklin, comediante e antigo elemento da For\u00e7a A\u00e9rea dos EUA.<\/p>\n<p>Renee Good tinha um filho de seis anos dessa rela\u00e7\u00e3o. Era tamb\u00e9m m\u00e3e de uma adolescente de 15 anos e de um rapaz de 12 de um casamento anterior. \u201cEla teve uma vida boa, mas dif\u00edcil\u201d, afirmou o pai, Tim Ganger, explicando que a fam\u00edlia ainda estava a recolher informa\u00e7\u00f5es sobre o que se passou.<\/p>\n<p>A m\u00e3e de Renee Good disse ao jornal do Minnesota Star Tribune que a filha vivia atualmente em Minneapolis com a companheira. Sublinhou que a filha \u201cn\u00e3o estava envolvida em nada\u201d que estivesse relacionado com protestos contra o ICE. \u201cA Renee era uma das pessoas mais gentis que j\u00e1 conheci. Era extremamente compassiva. <strong>Cuidou das pessoas a vida toda. Era amorosa, compreensiva e carinhosa.<\/strong> Era um ser humano incr\u00edvel\u201d, disse Donna Ganger.<\/p>\n<p>Outros familiares partilharam com a imprensa norte-americana mais algumas informa\u00e7\u00f5es sobre o \u00faltimo dia da vida de Renee Good. \u00c0 KMGH, afiliada da CNN, o tio, Robert Ganger, disse que a sobrinha morreu no anivers\u00e1rio da irm\u00e3 mais velha. J\u00e1 o ex-marido, que pediu para n\u00e3o ser identificado, revelou que Renee tinha acabado de deixar o filho de seis anos na escola quando, ao regressar a casa com a atual companheira, se deparou com a opera\u00e7\u00e3o do ICE.<\/p>\n<p>O ex-marido descreveu Renee Good como uma crist\u00e3 devota, que chegou a participar em miss\u00f5es de grupos de jovens na Irlanda do Norte. Disse tamb\u00e9m que adorava cantar, o que a levou a participar num coro durante o secund\u00e1rio e a estudar canto durante a faculdade. Acrescentou que <strong>n\u00e3o era uma ativista e que nunca tinha participado em protestos de qualquer tipo.<\/strong> A Associated Press avan\u00e7ou que a mulher n\u00e3o tem hist\u00f3rico de problemas com a justi\u00e7a, al\u00e9m de uma multa de tr\u00e2nsito.<\/p>\n<p>Sabe-se tamb\u00e9m que a norte-americana era licenciada em ingl\u00eas, pela Universidade Old Dominion,\u00a0em Norfolk, Virg\u00ednia. Num\u00a0comunicado enviado ao Washington Post, o presidente da institui\u00e7\u00e3o disse que a morte da mulher \u00e9 \u201coutro exemplo claro do medo e da viol\u00eancia que infelizmente se tornaram um lugar comum\u201d nos EUA, apelando \u00e0 compaix\u00e3o e a uma reflex\u00e3o num per\u00edodo que \u201cse est\u00e1 a tornar um dos mais negros e mais incertos\u201d da hist\u00f3ria norte-americana. \u201cQue a vida da Renee seja uma lembran\u00e7a do que nos une: a liberdade, o amor, a paz\u201d, sublinhou Brian O. Hemphill.<\/p>\n<p>Renee Good acabou a licenciatura em 2020, ano em que <a href=\"https:\/\/poets.org\/2020-on-learning-to-dissect-fetal-pigs\" target=\"_blank\" rel=\"noopener nofollow\">venceu um pr\u00e9mio da Academia de Poetas Americanos para estudantes<\/a>. \u201cQuando n\u00e3o est\u00e1 a escrever, a ler ou a falar sobre escrever, faz maratonas de filmes e cria arte com a filha e os filhos\u201d, lia-se na biografia publicada a prop\u00f3sito da distin\u00e7\u00e3o.<\/p>\n<p>Na noite de quarta-feira uma multid\u00e3o juntou-se para prestar homenagem junto \u00e0 casa da fam\u00edlia. \u201cVamos sentir a falta deles\u201d, admitiu uma vizinha ao Star Tribune.<\/p>\n","protected":false},"excerpt":{"rendered":"\u201cPoeta, escritora, esposa, m\u00e3e e guitarrista med\u00edocre do Colorado\u201d a \u201cexperimentar Minneapolis\u201d. A descri\u00e7\u00e3o surge na conta de&hellip;\n","protected":false},"author":2,"featured_media":220960,"comment_status":"","ping_status":"","sticky":false,"template":"","format":"standard","meta":{"footnotes":""},"categories":[50],"tags":[624,27,28,623,15,16,14,297,25,26,21,22,62,12,13,19,20,2003,23,24,2004,58,17,18,29,30,31,63,64,65],"class_list":{"0":"post-220959","1":"post","2":"type-post","3":"status-publish","4":"format-standard","5":"has-post-thumbnail","7":"category-mundo","8":"tag-amu00e9rica","9":"tag-breaking-news","10":"tag-breakingnews","11":"tag-estados-unidos-da-amu00e9rica","12":"tag-featured-news","13":"tag-featurednews","14":"tag-headlines","15":"tag-imigrau00e7u00e3o","16":"tag-latest-news","17":"tag-latestnews","18":"tag-main-news","19":"tag-mainnews","20":"tag-mundo","21":"tag-news","22":"tag-noticias","23":"tag-noticias-principais","24":"tag-noticiasprincipais","25":"tag-polu00edcia","26":"tag-principais-noticias","27":"tag-principaisnoticias","28":"tag-seguranu00e7a","29":"tag-sociedade","30":"tag-top-stories","31":"tag-topstories","32":"tag-ultimas","33":"tag-ultimas-noticias","34":"tag-ultimasnoticias","35":"tag-world","36":"tag-world-news","37":"tag-worldnews"},"share_on_mastodon":{"url":"https:\/\/pubeurope.com\/@pt\/115860925482853641","error":""},"_links":{"self":[{"href":"https:\/\/www.europesays.com\/pt\/wp-json\/wp\/v2\/posts\/220959","targetHints":{"allow":["GET"]}}],"collection":[{"href":"https:\/\/www.europesays.com\/pt\/wp-json\/wp\/v2\/posts"}],"about":[{"href":"https:\/\/www.europesays.com\/pt\/wp-json\/wp\/v2\/types\/post"}],"author":[{"embeddable":true,"href":"https:\/\/www.europesays.com\/pt\/wp-json\/wp\/v2\/users\/2"}],"replies":[{"embeddable":true,"href":"https:\/\/www.europesays.com\/pt\/wp-json\/wp\/v2\/comments?post=220959"}],"version-history":[{"count":0,"href":"https:\/\/www.europesays.com\/pt\/wp-json\/wp\/v2\/posts\/220959\/revisions"}],"wp:featuredmedia":[{"embeddable":true,"href":"https:\/\/www.europesays.com\/pt\/wp-json\/wp\/v2\/media\/220960"}],"wp:attachment":[{"href":"https:\/\/www.europesays.com\/pt\/wp-json\/wp\/v2\/media?parent=220959"}],"wp:term":[{"taxonomy":"category","embeddable":true,"href":"https:\/\/www.europesays.com\/pt\/wp-json\/wp\/v2\/categories?post=220959"},{"taxonomy":"post_tag","embeddable":true,"href":"https:\/\/www.europesays.com\/pt\/wp-json\/wp\/v2\/tags?post=220959"}],"curies":[{"name":"wp","href":"https:\/\/api.w.org\/{rel}","templated":true}]}}