{"id":220961,"date":"2026-01-08T18:38:11","date_gmt":"2026-01-08T18:38:11","guid":{"rendered":"https:\/\/www.europesays.com\/pt\/220961\/"},"modified":"2026-01-08T18:38:11","modified_gmt":"2026-01-08T18:38:11","slug":"democracia-0-petroleo-27-qual-o-plano-de-trump-para-o-ouro-negro-da-venezuela-e-como-impacta-a-china-expresso","status":"publish","type":"post","link":"https:\/\/www.europesays.com\/pt\/220961\/","title":{"rendered":"Democracia 0 \u2013 Petr\u00f3leo 27: qual o plano de Trump para o \u201couro negro\u201d da Venezuela e como impacta a China? &#8211; Expresso"},"content":{"rendered":"<ol>\n<li><a href=\"https:\/\/news.google.com\/rss\/articles\/CBMi_AFBVV95cUxOVXk0MS1NdkpRQ2NBRHAxbEx5eXF5dy1TckNmWm10OER4RmtVSERadlpyc0pkN01fbmhrVFRwT2RZa3lLa0lfck5temh4R2Y2Q0dsVUp0QTRCVVFqeTRlbk9NMkh2dzRzQy1JV1g0Ym84bEtCSnU5blNLWnozRWlJNE5MR3ZQWE1NLWIwekExSUZlUmltZDBzQTNFT2k1akFhM2ZYcHV5U1hqV0RCdlF5cncwQVVCUzNGYWsydmtVcnpqMUNBNzhJZXZPM1RydEVKYmNnS1JoTHI2WEY5MkcyNXBQNUhXajM4NEFEUGtTWUdURFBqUjJXamVoNVY?oc=5\" target=\"_blank\" rel=\"nofollow noopener\">Democracia 0 \u2013 Petr\u00f3leo 27: qual o plano de Trump para o \u201couro negro\u201d da Venezuela e como impacta a China?<\/a>&nbsp;&nbsp;Expresso<\/li>\n<li><a href=\"https:\/\/news.google.com\/rss\/articles\/CBMi2AFBVV95cUxOd0RUem5HVmZyRUY5clBiZU9oeGcxbDFlcTFmVG8xSGZvZzMwUkJuYmdLZWhzdnhEbFUxbFk0MU96X1R6bTgwTEpPNWxGVUJtVllQNGNpZjdNbS14bjJ4MDZUOURvUDU3d2Z1cFcwd3dxX285RHc1OHlkQm0zQzB4SW93cEpMX0VubUtBUzI1dFZueDJYLTJDTDF4NDBXeFpYelRZUlVGU3lMd0xKdXVKMTZ5aHV2WnZyUDJEZjVYaWlFU1lfMXhud0FwUFVkb1M5bERmbGc2eErSAd4BQVVfeXFMTUJHM2x2Sk45ZkphLWxvQVpKdm1iYUpqTTh1QUZqbHJDMENZaHQ4SktpZF9QQVVOSzFlSjRuQlBidzZpZVIwMndqanBJVnYyOHFGRExleGZEcUpNYVBQZU01ZzBBcWtIY0t1ZnJLV0M1SERhNGtzb3ZXUm5xVWNGRE9jSEhKRmxGejNkVmI4aU83Ni1uVk5OS0tsMHVTUG9LWmRwbi1PRFlKVE4zRDlNTnJ0SjdBeXZ6MXpybTNla3dKc3Q4R25IYjdLTUxnT043TG5YdmRVSk9wR1prVm53?oc=5\" target=\"_blank\" rel=\"nofollow noopener\">Por que a invas\u00e3o da Venezuela interessa mais \u00e0 Nvidia do que \u00e0 Exxon<\/a>&nbsp;&nbsp;Folha de S.Paulo<\/li>\n<li><a href=\"https:\/\/news.google.com\/rss\/articles\/CBMiyAFBVV95cUxOUm54SG5jMzBPeU8zUmgwTGdnNDlMUm1jTUZRXy1FQktDME95TjMtbmZrSVNhU1ozcUNWT2tnaW9VSnl3aWhxMEFJX3VTZHhuY0RibXZ6QVBGRl82X011Y1IzMlBNQUYwQ1F6NmEyLUNvSEhHUHp3RDRwcVpPS2s1QXJLdnJmdGVuLUp6d09yNFZxS0JDSFF0Z1ZpXzdEZ2dlRE1Udm9LZWlFX0lYZWpSazhMT20yaUdyUm8td3hvTll5MnZrc01JUA?oc=5\" target=\"_blank\" rel=\"nofollow noopener\">\u2018Eles s\u00f3 precisam nos pagar\u2019, dizem venezuelanos sobre acordo de petr\u00f3leo com os EUA<\/a>&nbsp;&nbsp;R7<\/li>\n<li><a href=\"https:\/\/news.google.com\/rss\/articles\/CBMivgFBVV95cUxOT3lwU1VlMVhqd0hocUt5V0tESDhHN0o3SVA3ZGFHYkZ2Z2FGTEtwY2kxeGdPWTdKd0JjaTlTR0tiekJxcnFMTXhnWWhsVVgweVdaWFlLcjFjZmRTNUFYUXZiNTBoSDJSQUozS0Z0eEVUcEVEb19sZXZvWDMtYWNyazVDQjBndzYyUlZ4c2cxRXFKaU1KWjBJNDZaOWpPbTJYOVJuTnBZeDFwLUZ4NGZNVEhXRUFmNE1zQkd5T2pB?oc=5\" target=\"_blank\" rel=\"nofollow noopener\">An\u00e1lise: Trump parece ver Venezuela como oportunidade de investimento<\/a>&nbsp;&nbsp;CNN Brasil<\/li>\n<li><a href=\"https:\/\/news.google.com\/rss\/articles\/CBMiogFBVV95cUxQd29tX25EV1lBcjVuMHBCODQ2RFl1aWRMSktvRnRaSjloNGhjb09QWDhjaWJEdHNoZWQtV2t3OW5ub1BRZ2p3ekZKQ3pZanVQeXJiYk12REdSY2k2VEhsbkpGS0tJU3VERTFZSHBNRGpoWUcyOTJhcmR4NEtzYlBFZFZYQk1NR0ltMFVDeU45WjVIdjhsUlBwVF8tV0JtMjVHWGc?oc=5\" target=\"_blank\" rel=\"nofollow noopener\">China e R\u00fassia n\u00e3o veem esse acordo como amea\u00e7a, diz especialista<\/a>&nbsp;&nbsp;VEJA<\/li>\n<\/ol>\n","protected":false},"excerpt":{"rendered":"Democracia 0 \u2013 Petr\u00f3leo 27: qual o plano de Trump para o \u201couro negro\u201d da Venezuela e como&hellip;\n","protected":false},"author":2,"featured_media":196976,"comment_status":"","ping_status":"","sticky":false,"template":"","format":"standard","meta":{"footnotes":""},"categories":[8],"tags":[27,28,15,16,14,25,26,21,22,12,13,19,20,32,23,24,33,17,18,29,30,31],"class_list":{"0":"post-220961","1":"post","2":"type-post","3":"status-publish","4":"format-standard","5":"has-post-thumbnail","7":"category-principais-noticias","8":"tag-breaking-news","9":"tag-breakingnews","10":"tag-featured-news","11":"tag-featurednews","12":"tag-headlines","13":"tag-latest-news","14":"tag-latestnews","15":"tag-main-news","16":"tag-mainnews","17":"tag-news","18":"tag-noticias","19":"tag-noticias-principais","20":"tag-noticiasprincipais","21":"tag-portugal","22":"tag-principais-noticias","23":"tag-principaisnoticias","24":"tag-pt","25":"tag-top-stories","26":"tag-topstories","27":"tag-ultimas","28":"tag-ultimas-noticias","29":"tag-ultimasnoticias"},"share_on_mastodon":{"url":"https:\/\/pubeurope.com\/@pt\/115860937350345891","error":""},"_links":{"self":[{"href":"https:\/\/www.europesays.com\/pt\/wp-json\/wp\/v2\/posts\/220961","targetHints":{"allow":["GET"]}}],"collection":[{"href":"https:\/\/www.europesays.com\/pt\/wp-json\/wp\/v2\/posts"}],"about":[{"href":"https:\/\/www.europesays.com\/pt\/wp-json\/wp\/v2\/types\/post"}],"author":[{"embeddable":true,"href":"https:\/\/www.europesays.com\/pt\/wp-json\/wp\/v2\/users\/2"}],"replies":[{"embeddable":true,"href":"https:\/\/www.europesays.com\/pt\/wp-json\/wp\/v2\/comments?post=220961"}],"version-history":[{"count":0,"href":"https:\/\/www.europesays.com\/pt\/wp-json\/wp\/v2\/posts\/220961\/revisions"}],"wp:featuredmedia":[{"embeddable":true,"href":"https:\/\/www.europesays.com\/pt\/wp-json\/wp\/v2\/media\/196976"}],"wp:attachment":[{"href":"https:\/\/www.europesays.com\/pt\/wp-json\/wp\/v2\/media?parent=220961"}],"wp:term":[{"taxonomy":"category","embeddable":true,"href":"https:\/\/www.europesays.com\/pt\/wp-json\/wp\/v2\/categories?post=220961"},{"taxonomy":"post_tag","embeddable":true,"href":"https:\/\/www.europesays.com\/pt\/wp-json\/wp\/v2\/tags?post=220961"}],"curies":[{"name":"wp","href":"https:\/\/api.w.org\/{rel}","templated":true}]}}