{"id":220991,"date":"2026-01-08T19:02:08","date_gmt":"2026-01-08T19:02:08","guid":{"rendered":"https:\/\/www.europesays.com\/pt\/220991\/"},"modified":"2026-01-08T19:02:08","modified_gmt":"2026-01-08T19:02:08","slug":"nasa-avalia-antecipar-retorno-de-missao-a-terra-apos-problema-medico","status":"publish","type":"post","link":"https:\/\/www.europesays.com\/pt\/220991\/","title":{"rendered":"Nasa avalia antecipar retorno de miss\u00e3o \u00e0 Terra ap\u00f3s problema m\u00e9dico"},"content":{"rendered":"<p>A Administra\u00e7\u00e3o Nacional da Aeron\u00e1utica e Espa\u00e7o (Nasa, na sigla em ingl\u00eas) cancelou, nesta quinta-feira, 8, sua primeira caminhada espacial do ano e pode trazer a tripula\u00e7\u00e3o de volta mais cedo da Esta\u00e7\u00e3o Espacial Internacional devido a um problema m\u00e9dico a bordo.<\/p>\n<p>A caminhada espacial estava prevista para esta quinta-feira, mas foi adiada por causa de um problema m\u00e9dico n\u00e3o especificado envolvendo um astronauta, que n\u00e3o foi identificado.<\/p>\n<p>A Nasa afirmou que o integrante da tripula\u00e7\u00e3o est\u00e1 est\u00e1vel, mas que est\u00e1 \u201cavaliando ativamente todas as op\u00e7\u00f5es\u201d, incluindo o encerramento antecipado da miss\u00e3o. \u201cForneceremos novas informa\u00e7\u00f5es nas pr\u00f3ximas 24 horas.\u201d<\/p>\n<p>\t\t\t\t\t\t\t\t\t\tAproveite a alta da Bolsa!\n\t\t\t\t\t\t\t\t\t\t\t\t\t\t\t<\/p>\n<p>\t\t\t\t\t\t<img decoding=\"async\" class=\"w-full h-full object-cover\" src=\"https:\/\/www.europesays.com\/pt\/wp-content\/uploads\/2026\/01\/1767898928_45_CIA-com-texto-900x300-1.png\" alt=\"\"\/><\/p>\n<p>\u201cRealizar nossas miss\u00f5es com seguran\u00e7a \u00e9 nossa maior prioridade\u201d, disse a porta-voz da Nasa, Cheryl Warner, em comunicado.<\/p>\n<p>A tripula\u00e7\u00e3o, composta por quatro astronautas \u2013 americanos, japoneses e russos -, est\u00e1 no laborat\u00f3rio orbital desde agosto, ap\u00f3s o lan\u00e7amento a partir da Fl\u00f3rida.(Com informa\u00e7\u00f5es da AP)<\/p>\n","protected":false},"excerpt":{"rendered":"A Administra\u00e7\u00e3o Nacional da Aeron\u00e1utica e Espa\u00e7o (Nasa, na sigla em ingl\u00eas) cancelou, nesta quinta-feira, 8, sua primeira&hellip;\n","protected":false},"author":2,"featured_media":220992,"comment_status":"","ping_status":"","sticky":false,"template":"","format":"standard","meta":{"footnotes":""},"categories":[84],"tags":[109,107,108,5398,319,1149,32,33,105,103,104,106,110],"class_list":{"0":"post-220991","1":"post","2":"type-post","3":"status-publish","4":"format-standard","5":"has-post-thumbnail","7":"category-ciencia-e-tecnologia","8":"tag-ciencia","9":"tag-ciencia-e-tecnologia","10":"tag-cienciaetecnologia","11":"tag-estacao-espacial-internacional","12":"tag-hard-news","13":"tag-nasa","14":"tag-portugal","15":"tag-pt","16":"tag-science","17":"tag-science-and-technology","18":"tag-scienceandtechnology","19":"tag-technology","20":"tag-tecnologia"},"share_on_mastodon":{"url":"https:\/\/pubeurope.com\/@pt\/115861031750230046","error":""},"_links":{"self":[{"href":"https:\/\/www.europesays.com\/pt\/wp-json\/wp\/v2\/posts\/220991","targetHints":{"allow":["GET"]}}],"collection":[{"href":"https:\/\/www.europesays.com\/pt\/wp-json\/wp\/v2\/posts"}],"about":[{"href":"https:\/\/www.europesays.com\/pt\/wp-json\/wp\/v2\/types\/post"}],"author":[{"embeddable":true,"href":"https:\/\/www.europesays.com\/pt\/wp-json\/wp\/v2\/users\/2"}],"replies":[{"embeddable":true,"href":"https:\/\/www.europesays.com\/pt\/wp-json\/wp\/v2\/comments?post=220991"}],"version-history":[{"count":0,"href":"https:\/\/www.europesays.com\/pt\/wp-json\/wp\/v2\/posts\/220991\/revisions"}],"wp:featuredmedia":[{"embeddable":true,"href":"https:\/\/www.europesays.com\/pt\/wp-json\/wp\/v2\/media\/220992"}],"wp:attachment":[{"href":"https:\/\/www.europesays.com\/pt\/wp-json\/wp\/v2\/media?parent=220991"}],"wp:term":[{"taxonomy":"category","embeddable":true,"href":"https:\/\/www.europesays.com\/pt\/wp-json\/wp\/v2\/categories?post=220991"},{"taxonomy":"post_tag","embeddable":true,"href":"https:\/\/www.europesays.com\/pt\/wp-json\/wp\/v2\/tags?post=220991"}],"curies":[{"name":"wp","href":"https:\/\/api.w.org\/{rel}","templated":true}]}}