{"id":221,"date":"2025-07-25T07:18:18","date_gmt":"2025-07-25T07:18:18","guid":{"rendered":"https:\/\/www.europesays.com\/pt\/221\/"},"modified":"2025-07-25T07:18:18","modified_gmt":"2025-07-25T07:18:18","slug":"as-25-ruas-floridas-do-redondo-arte-pura-a-espera-de-visitas-em-agosto-alentejo","status":"publish","type":"post","link":"https:\/\/www.europesays.com\/pt\/221\/","title":{"rendered":"As 25 Ruas Floridas do Redondo: \u201carte pura\u201d \u00e0 espera de visitas em Agosto | Alentejo"},"content":{"rendered":"<p>As ruas da vila de Redondo, no Alentejo, v\u00e3o voltar a &#8220;vestir-se&#8221; de cor, com flores, figuras e outros motivos em papel colorido, a partir de 2 de Agosto, durante as festas Ruas Floridas, que esperam milhares de visitantes.<\/p>\n<p>Considerada uma das principais manifesta\u00e7\u00f5es culturais do Alentejo, a tradi\u00e7\u00e3o, promovida pelo munic\u00edpio, tem periodicidade bienal, e a c\u00e2mara municipal revelou que o evento pretende colocar a vila do distrito de \u00c9vora &#8220;no mapa dos locais de passagem obrigat\u00f3ria neste ver\u00e3o&#8221;.<\/p>\n<p>A edi\u00e7\u00e3o deste ano, que vai decorrer entre 2 e 10 de Agosto, conta com 25 ruas ornamentadas com tem\u00e1ticas diferentes, que, segundo os promotores, desafiam os visitantes &#8220;a mergulhar num mundo de fantasia&#8221;.<\/p>\n<p>A ornamenta\u00e7\u00e3o das ruas da vila alentejana envolve, de acordo com a organiza\u00e7\u00e3o, &#8220;um trabalho volunt\u00e1rio de criatividade e imagina\u00e7\u00e3o&#8221; que ocupa algumas centenas de pessoas durante alguns meses, al\u00e9m de toneladas de papel e outros materiais, como cart\u00e3o e madeira, que a autarquia adquire.<\/p>\n<p>                &#13;<br \/>\n                    &#13;<br \/>\n                    &#13;<br \/>\n                        Ruas Floridas do Redondo (arquivo)&#13;<br \/>\nCM Redondo                    &#13;<\/p>\n<p>O munic\u00edpio real\u00e7a que &#8220;esta manifesta\u00e7\u00e3o cultural conseguiu afirmar-se, e \u00e9 hoje uma das tradi\u00e7\u00f5es com mais notoriedade a n\u00edvel nacional, cuja organiza\u00e7\u00e3o envolve centenas de habitantes locais que d\u00e3o as m\u00e3os \u00e0 criatividade, fazendo jus a um trabalho que \u00e9 arte pura&#8221;.<\/p>\n<p>O cartaz de espect\u00e1culos do evento, com entrada livre, inclui actua\u00e7\u00f5es da espanhola Edurne (dia 2 de Agosto), Filarm\u00f3nica Uni\u00e3o Montoitense com Bandidos do Cante e Jo\u00e3o de Campos (3) e Cantadores do Redondo e Buba Espinho (4).<\/p>\n<p>No dia 5 de Agosto sobe ao palco Emanuel, e nos dias seguintes v\u00e3o actuar os Tomba Lobos, que convidam o grupo Galandum Galundaina (6), Cantadeiras de Redondo, Filarmonia Campani\u00e7a, Raia, Celina da Piedade, Ana Santos, Banda da Sociedade Filarm\u00f3nica Municipal Redondense e Coro e Banda Filarm\u00f3nica do Grupo Uni\u00e3o e Recreio Azarujense (7), Hangover Band (8) e Diogo Pi\u00e7arra (9).<\/p>\n<p>                &#13;<br \/>\n                    &#13;<br \/>\n                    &#13;<br \/>\n                        Ruas Floridas do Redondo (arquivo)&#13;<br \/>\nCM Redondo                    &#13;<\/p>\n<p>Para o dia 10 est\u00e1 agendado um festival de folclore e a anima\u00e7\u00e3o musical inclui ainda actua\u00e7\u00f5es de DJ.<\/p>\n<p>Depois de um longo interregno, o munic\u00edpio retomou h\u00e1 32 anos as tradicionais festas populares da vila, em que a popula\u00e7\u00e3o ornamenta as ruas com figuras, flores e outros motivos em papel colorido. A entrada \u00e9 livre.<\/p>\n<p>Os temas escolhidos pelos moradores, considerados aut\u00eanticos artistas, s\u00e3o os mais variados, desde motivos etnogr\u00e1ficos e florais at\u00e9 hist\u00f3rias imagin\u00e1rias e ex\u00f3ticas, num evento que &#8220;abrange uma \u00e1rea grande da vila&#8221;.<\/p>\n<p>                &#13;<br \/>\n                    &#13;<br \/>\n                    &#13;<br \/>\n                        Ruas Floridas do Redondo (arquivo)&#13;<br \/>\nCM Redondo                    &#13;<\/p>\n<p>Cada rua apresenta um tema diferente, escolhido livremente pelos moradores, que o mant\u00eam em segredo at\u00e9 ao dia da sa\u00edda do programa.<\/p>\n<p>Os registos escritos mais antigos indicam que a ornamenta\u00e7\u00e3o das ruas remonta a 1838, tendo passado a ter car\u00e1cter bienal em 1998.<\/p>\n<p>Mais informa\u00e7\u00f5es nas redes sociais das <a href=\"https:\/\/www.facebook.com\/ruasfloridas.redondo\/?locale=pt_PT\" target=\"_blank\" rel=\"nofollow noopener\">Ruas Floridas<\/a>.<\/p>\n","protected":false},"excerpt":{"rendered":"As ruas da vila de Redondo, no Alentejo, v\u00e3o voltar a &#8220;vestir-se&#8221; de cor, com flores, figuras e&hellip;\n","protected":false},"author":2,"featured_media":222,"comment_status":"","ping_status":"","sticky":false,"template":"","format":"standard","meta":{"footnotes":""},"categories":[85],"tags":[288,114,115,292,287,294,290,32,33,289,291,293],"class_list":{"0":"post-221","1":"post","2":"type-post","3":"status-publish","4":"format-standard","5":"has-post-thumbnail","7":"category-entretenimento","8":"tag-alentejo","9":"tag-entertainment","10":"tag-entretenimento","11":"tag-festas-populares","12":"tag-fugas","13":"tag-lazer","14":"tag-passeios","15":"tag-portugal","16":"tag-pt","17":"tag-redondo","18":"tag-relaxar","19":"tag-verao"},"share_on_mastodon":{"url":"","error":""},"_links":{"self":[{"href":"https:\/\/www.europesays.com\/pt\/wp-json\/wp\/v2\/posts\/221","targetHints":{"allow":["GET"]}}],"collection":[{"href":"https:\/\/www.europesays.com\/pt\/wp-json\/wp\/v2\/posts"}],"about":[{"href":"https:\/\/www.europesays.com\/pt\/wp-json\/wp\/v2\/types\/post"}],"author":[{"embeddable":true,"href":"https:\/\/www.europesays.com\/pt\/wp-json\/wp\/v2\/users\/2"}],"replies":[{"embeddable":true,"href":"https:\/\/www.europesays.com\/pt\/wp-json\/wp\/v2\/comments?post=221"}],"version-history":[{"count":0,"href":"https:\/\/www.europesays.com\/pt\/wp-json\/wp\/v2\/posts\/221\/revisions"}],"wp:featuredmedia":[{"embeddable":true,"href":"https:\/\/www.europesays.com\/pt\/wp-json\/wp\/v2\/media\/222"}],"wp:attachment":[{"href":"https:\/\/www.europesays.com\/pt\/wp-json\/wp\/v2\/media?parent=221"}],"wp:term":[{"taxonomy":"category","embeddable":true,"href":"https:\/\/www.europesays.com\/pt\/wp-json\/wp\/v2\/categories?post=221"},{"taxonomy":"post_tag","embeddable":true,"href":"https:\/\/www.europesays.com\/pt\/wp-json\/wp\/v2\/tags?post=221"}],"curies":[{"name":"wp","href":"https:\/\/api.w.org\/{rel}","templated":true}]}}