{"id":221021,"date":"2026-01-08T19:30:18","date_gmt":"2026-01-08T19:30:18","guid":{"rendered":"https:\/\/www.europesays.com\/pt\/221021\/"},"modified":"2026-01-08T19:30:18","modified_gmt":"2026-01-08T19:30:18","slug":"saude-em-dia-saiba-por-que-janeiro-e-um-bom-mes-para-fazer-check-up","status":"publish","type":"post","link":"https:\/\/www.europesays.com\/pt\/221021\/","title":{"rendered":"Sa\u00fade em dia: saiba por que janeiro \u00e9 um bom m\u00eas para fazer check-up"},"content":{"rendered":"<p>Com o in\u00edcio de um novo ano, janeiro costuma ser visto por especialistas em sa\u00fade como um per\u00edodo estrat\u00e9gico para cuidar do corpo e colocar exames em dia. Depois dos excessos comuns das festas de fim de ano, como alimenta\u00e7\u00e3o mais cal\u00f3rica, consumo de \u00e1lcool e mudan\u00e7as na rotina de sono, esse \u00e9 um momento oportuno para avaliar como o organismo reagiu e identificar poss\u00edveis desequil\u00edbrios.<\/p>\n<p><a href=\"https:\/\/bvsms.saude.gov.br\/check-up-medico\/\" rel=\"nofollow noopener\" target=\"_blank\">M\u00e9dicos e \u00f3rg\u00e3os de sa\u00fade p\u00fablica<\/a> apontam que janeiro tamb\u00e9m favorece o planejamento da sa\u00fade ao longo do ano. Com menos compromissos sociais e uma agenda mais organizada ap\u00f3s as f\u00e9rias, muitas pessoas conseguem encaixar consultas e exames com mais facilidade. Al\u00e9m disso, fazer o check-up logo no come\u00e7o do ano permite acompanhar resultados ao longo dos meses e adotar mudan\u00e7as no estilo de vida de forma mais consciente e gradual.<\/p>\n<p>Os exames recomendados em um check-up podem variar conforme idade, hist\u00f3rico familiar e fatores de risco individuais, mas <a href=\"https:\/\/www.eufemea.com\/2025\/01\/checkup-anual-exames-essenciais\/\" rel=\"nofollow noopener\" target=\"_blank\">especialistas e servi\u00e7os de sa\u00fade listam<\/a> uma s\u00e9rie de testes b\u00e1sicos que valem como ponto de partida para qualquer adulto que queira come\u00e7ar o ano com a sa\u00fade em dia. <\/p>\n<p>Entre os exames mais comuns est\u00e3o hemograma completo, que avalia c\u00e9lulas do sangue e sinais de infec\u00e7\u00e3o ou anemia, e glicemia em jejum, essencial para monitorar n\u00edveis de a\u00e7\u00facar no sangue e detectar risco de diabetes. Perfil lip\u00eddico, que inclui colesterol total, HDL, LDL e triglicer\u00eddeos, tamb\u00e9m merece destaque por ajudar a identificar riscos cardiovasculares, segundo m\u00e9dicos consultados por ve\u00edculos de sa\u00fade.<\/p>\n<p>Outro ponto destacado por especialistas \u00e9 que diversas doen\u00e7as cr\u00f4nicas, como diabetes, hipertens\u00e3o e colesterol alto, podem evoluir de forma silenciosa. Exames simples realizados em janeiro ajudam a identificar altera\u00e7\u00f5es precocemente, antes que causem sintomas ou complica\u00e7\u00f5es. Segundo o Minist\u00e9rio da Sa\u00fade, o diagn\u00f3stico precoce \u00e9 um dos principais fatores para o sucesso do tratamento e para a redu\u00e7\u00e3o de interna\u00e7\u00f5es evit\u00e1veis.<\/p>\n<p>O per\u00edodo tamb\u00e9m \u00e9 indicado para revisar h\u00e1bitos e receber orienta\u00e7\u00f5es m\u00e9dicas personalizadas. Durante a consulta, o profissional avalia hist\u00f3rico familiar, rotina alimentar, pr\u00e1tica de atividades f\u00edsicas e n\u00edveis de estresse, ajudando o paciente a transformar as resolu\u00e7\u00f5es de Ano Novo em metas realistas de sa\u00fade. Esse acompanhamento evita decis\u00f5es radicais ou dietas sem orienta\u00e7\u00e3o, comuns no in\u00edcio do ano.<\/p>\n<p>Especialistas refor\u00e7am ainda que janeiro \u00e9 um bom momento para atualizar exames preventivos espec\u00edficos, como avalia\u00e7\u00f5es card\u00edacas, ginecol\u00f3gicas e metab\u00f3licas, conforme idade e perfil de risco. Ao iniciar o ano com esses cuidados em dia, o paciente ganha mais tranquilidade e pode focar na preven\u00e7\u00e3o, em vez de lidar com problemas j\u00e1 instalados.<\/p>\n<p>Come\u00e7ar o ano cuidando da sa\u00fade \u00e9 visto como um investimento a longo prazo. Com um check-up feito em janeiro, \u00e9 poss\u00edvel monitorar resultados ao longo do ano, ajustar tratamentos quando necess\u00e1rio e manter uma rela\u00e7\u00e3o mais ativa com a pr\u00f3pria sa\u00fade, transformando o cuidado preventivo em parte da rotina, e n\u00e3o apenas em uma preocupa\u00e7\u00e3o pontual.<\/p>\n","protected":false},"excerpt":{"rendered":"Com o in\u00edcio de um novo ano, janeiro costuma ser visto por especialistas em sa\u00fade como um per\u00edodo&hellip;\n","protected":false},"author":2,"featured_media":221022,"comment_status":"","ping_status":"","sticky":false,"template":"","format":"standard","meta":{"footnotes":""},"categories":[86],"tags":[25639,42773,116,32,33,117],"class_list":{"0":"post-221021","1":"post","2":"type-post","3":"status-publish","4":"format-standard","5":"has-post-thumbnail","7":"category-saude","8":"tag-check-up","9":"tag-consulta","10":"tag-health","11":"tag-portugal","12":"tag-pt","13":"tag-saude"},"share_on_mastodon":{"url":"https:\/\/pubeurope.com\/@pt\/115861141829517677","error":""},"_links":{"self":[{"href":"https:\/\/www.europesays.com\/pt\/wp-json\/wp\/v2\/posts\/221021","targetHints":{"allow":["GET"]}}],"collection":[{"href":"https:\/\/www.europesays.com\/pt\/wp-json\/wp\/v2\/posts"}],"about":[{"href":"https:\/\/www.europesays.com\/pt\/wp-json\/wp\/v2\/types\/post"}],"author":[{"embeddable":true,"href":"https:\/\/www.europesays.com\/pt\/wp-json\/wp\/v2\/users\/2"}],"replies":[{"embeddable":true,"href":"https:\/\/www.europesays.com\/pt\/wp-json\/wp\/v2\/comments?post=221021"}],"version-history":[{"count":0,"href":"https:\/\/www.europesays.com\/pt\/wp-json\/wp\/v2\/posts\/221021\/revisions"}],"wp:featuredmedia":[{"embeddable":true,"href":"https:\/\/www.europesays.com\/pt\/wp-json\/wp\/v2\/media\/221022"}],"wp:attachment":[{"href":"https:\/\/www.europesays.com\/pt\/wp-json\/wp\/v2\/media?parent=221021"}],"wp:term":[{"taxonomy":"category","embeddable":true,"href":"https:\/\/www.europesays.com\/pt\/wp-json\/wp\/v2\/categories?post=221021"},{"taxonomy":"post_tag","embeddable":true,"href":"https:\/\/www.europesays.com\/pt\/wp-json\/wp\/v2\/tags?post=221021"}],"curies":[{"name":"wp","href":"https:\/\/api.w.org\/{rel}","templated":true}]}}