{"id":221039,"date":"2026-01-08T19:44:07","date_gmt":"2026-01-08T19:44:07","guid":{"rendered":"https:\/\/www.europesays.com\/pt\/221039\/"},"modified":"2026-01-08T19:44:07","modified_gmt":"2026-01-08T19:44:07","slug":"eduardo-quaresma-partilha-fotografia-na-cuf-tejo-apos-ser-operado-vemo-nos-em-breve-acreditem","status":"publish","type":"post","link":"https:\/\/www.europesays.com\/pt\/221039\/","title":{"rendered":"Eduardo Quaresma partilha fotografia na CUF Tejo ap\u00f3s ser operado: \u00abVemo-nos em breve&#8230; Acreditem!\u00bb"},"content":{"rendered":"<p>Eduardo Quaresma partilhou na tarde desta quinta-feira uma imagem na qual aparece deitado num quarto da CUF Tejo, em Lisboa, a proteger o lado esquerdo da face, zona \u00e0 qual foi operado devido a uma fratura ao in\u00edcio da noite de ontem, ap\u00f3s o aparatoso lance na primeira meia-final da Allianz Cup.<\/p>\n<p>&#8220;Sportinguistas, j\u00e1 fui operado e correu tudo bem. Agrade\u00e7o todas as mensagens que me enviaram de for\u00e7a e carinho. Vemo-nos em breve&#8230; Acreditem!&#8221;, escreveu o central, de 23 anos, que tamb\u00e9m se dirigiu ao corpo cl\u00ednico respons\u00e1vel pela interven\u00e7\u00e3o, chefiado, revela, pela doutora C\u00e1tia Mateus.<\/p>\n<p>Tal como <b>Record <\/b>noticiou, segue-se, agora um per\u00edodo de paragem &#8211; convalescen\u00e7a &#8211; de pelo menos tr\u00eas semanas, isto antes do camisola 72 poder voltar a pisar os relvados, tudo indica com as devidas prote\u00e7\u00f5es.<\/p>\n<p>Apesar desta imagem no hospital, Eduardo Quaresma j\u00e1 teve alta, encontrando-se em casa a descansar, apur\u00e1mos.<\/p>\n","protected":false},"excerpt":{"rendered":"Eduardo Quaresma partilhou na tarde desta quinta-feira uma imagem na qual aparece deitado num quarto da CUF Tejo,&hellip;\n","protected":false},"author":2,"featured_media":221040,"comment_status":"","ping_status":"","sticky":false,"template":"","format":"standard","meta":{"footnotes":""},"categories":[87],"tags":[135,32,33,134],"class_list":{"0":"post-221039","1":"post","2":"type-post","3":"status-publish","4":"format-standard","5":"has-post-thumbnail","7":"category-desporto","8":"tag-desporto","9":"tag-portugal","10":"tag-pt","11":"tag-sports"},"share_on_mastodon":{"url":"https:\/\/pubeurope.com\/@pt\/115861196864847246","error":""},"_links":{"self":[{"href":"https:\/\/www.europesays.com\/pt\/wp-json\/wp\/v2\/posts\/221039","targetHints":{"allow":["GET"]}}],"collection":[{"href":"https:\/\/www.europesays.com\/pt\/wp-json\/wp\/v2\/posts"}],"about":[{"href":"https:\/\/www.europesays.com\/pt\/wp-json\/wp\/v2\/types\/post"}],"author":[{"embeddable":true,"href":"https:\/\/www.europesays.com\/pt\/wp-json\/wp\/v2\/users\/2"}],"replies":[{"embeddable":true,"href":"https:\/\/www.europesays.com\/pt\/wp-json\/wp\/v2\/comments?post=221039"}],"version-history":[{"count":0,"href":"https:\/\/www.europesays.com\/pt\/wp-json\/wp\/v2\/posts\/221039\/revisions"}],"wp:featuredmedia":[{"embeddable":true,"href":"https:\/\/www.europesays.com\/pt\/wp-json\/wp\/v2\/media\/221040"}],"wp:attachment":[{"href":"https:\/\/www.europesays.com\/pt\/wp-json\/wp\/v2\/media?parent=221039"}],"wp:term":[{"taxonomy":"category","embeddable":true,"href":"https:\/\/www.europesays.com\/pt\/wp-json\/wp\/v2\/categories?post=221039"},{"taxonomy":"post_tag","embeddable":true,"href":"https:\/\/www.europesays.com\/pt\/wp-json\/wp\/v2\/tags?post=221039"}],"curies":[{"name":"wp","href":"https:\/\/api.w.org\/{rel}","templated":true}]}}