{"id":221047,"date":"2026-01-08T19:49:08","date_gmt":"2026-01-08T19:49:08","guid":{"rendered":"https:\/\/www.europesays.com\/pt\/221047\/"},"modified":"2026-01-08T19:49:08","modified_gmt":"2026-01-08T19:49:08","slug":"bank-of-america-faz-duplo-downgrade-a-adidas","status":"publish","type":"post","link":"https:\/\/www.europesays.com\/pt\/221047\/","title":{"rendered":"Bank of America faz duplo downgrade \u00e0 Adidas"},"content":{"rendered":"<p>        O pre\u00e7o-alvo do Bank of America, para as a\u00e7\u00f5es da Adidas, baixou dos 213 euros para os 160 euros.    <\/p>\n<p>A Adidas, segunda maior marca desportiva do mundo cotada em bolsa atr\u00e1s da Nike, levou um duplo downgrade, esta semana, por parte do Bank of America, do n\u00edvel de buy (compra) para underperform (desempenho abaixo da m\u00e9dia), sinalizando desta maneira a venda das a\u00e7\u00f5es da <a href=\"https:\/\/jornaleconomico.sapo.pt\/noticias\/adidas-corte-nos-empregos-pode-reduzir-custos-e-aumentar-margens-dizem-analistas\/\" target=\"_blank\" rel=\"noopener nofollow\">organiza\u00e7\u00e3o<\/a> sediada em Herzogenaurach, na Bavaria. A maior negatividade da institui\u00e7\u00e3o banc\u00e1ria perante a empresa alem\u00e3 deve-se a perspetivas mais baixas de crescimento das vendas.<\/p>\n<p>O pre\u00e7o-alvo do Bank of America, para a Adidas, baixou dos 213 euros para os 160 euros.<\/p>\n<p>\u201cA hist\u00f3ria de valoriza\u00e7\u00e3o das a\u00e7\u00f5es do grupo \u00e9 bem conhecida e deixou de gerar revis\u00f5es em alta das proje\u00e7\u00f5es de lucro por a\u00e7\u00e3o (EPS) h\u00e1 v\u00e1rios trimestres. A marca Adidas caminha agora para um crescimento org\u00e2nico das vendas de um d\u00edgito [\u2026] \u2026 num contexto setorial em deteriora\u00e7\u00e3o\u201d, afirmam os analistas do Bank of America, transcritos pela publica\u00e7\u00e3o financeira <a href=\"https:\/\/www.investing.com\/news\/stock-market-news\/adidas-shares-sink-after-bofa-downgrades-stock-to-underperform-4431481\" target=\"_blank\" rel=\"noopener nofollow\">Investing<\/a>.<\/p>\n<p>A institui\u00e7\u00e3o banc\u00e1ria considera ainda que a tend\u00eancia de 20 anos de casualiza\u00e7\u00e3o da moda, que levou a que o segmento do cal\u00e7ado subisse de 20% para 50% do mercado, atingiu o seu pico na pandemia da Covid-19 pelo que a margem de crescimento deve-se encontrar esgotada.<\/p>\n<p>Os analistas defendem tamb\u00e9m que o mundial de futebol, previsto para este ano, que se realiza no Canad\u00e1, Estados Unidos, e M\u00e9xico, pode beneficiar de uma forma tempor\u00e1ria a Adidas, contudo levantam tamb\u00e9m d\u00favidas sobre o que se poder\u00e1 passar com a marca desportiva assim que o evento termine.<\/p>\n<p>Em termos de performance bolsista a Adidas j\u00e1 caiu 5,7% desde o in\u00edcio do ano e nos \u00faltimos cinco anos quase que perde metade do seu valor (-48,3%). No espa\u00e7o de um ano a marca desportiva alem\u00e3 desvaloriza 25,8%.<\/p>\n<p><strong>Investidores podem mudar o foco para outras marcas desportivas<\/strong><\/p>\n<p>A institui\u00e7\u00e3o banc\u00e1ria defende tamb\u00e9m que o foco dos investidores pode mudar para marcas com um perfil de crescimento mais sustentado, face \u00e0 marca alem\u00e3, dando como exemplo a On e a Asics.<\/p>\n<p>Ao n\u00edvel do desempenho na bolsa a On tem um ganho de 4,6% desde o in\u00edcio do ano, quebra 11,9% no espa\u00e7o de um ano, e valoriza 37,4% em cinco anos. J\u00e1 a Asics valoriza 5,4% desde o in\u00edcio do ano, sobe 28,3% no espa\u00e7o de um ano, e disparou 724,3% em cinco anos.<\/p>\n<p>O Bank of America defende tamb\u00e9m, transcrito pela <a href=\"https:\/\/www.businessinsider.com\/adidas-stock-price-bofa-double-downgrade-casualization-fashion-trend-ending-2026-1\" target=\"_blank\" rel=\"noopener nofollow\">Business Insider<\/a>, que uma recupera\u00e7\u00e3o sustentada da Nike viria \u00e0s custas da Adidas, ou seja, boas not\u00edcias para a <a href=\"https:\/\/jornaleconomico.sapo.pt\/noticias\/nike-lucro-cai-32-no-segundo-trimestre-e-acoes-afundam-10\/\" target=\"_blank\" rel=\"noopener nofollow\">Nike<\/a> seriam m\u00e1s not\u00edcias para a Adidas, face a um hist\u00f3rico de crescimento de receitas inverso entre as duas empresas.<\/p>\n","protected":false},"excerpt":{"rendered":"O pre\u00e7o-alvo do Bank of America, para as a\u00e7\u00f5es da Adidas, baixou dos 213 euros para os 160&hellip;\n","protected":false},"author":2,"featured_media":221048,"comment_status":"","ping_status":"","sticky":false,"template":"","format":"standard","meta":{"footnotes":""},"categories":[83],"tags":[5781,42776,7273,88,89,90,97,12558,42777,32,33],"class_list":{"0":"post-221047","1":"post","2":"type-post","3":"status-publish","4":"format-standard","5":"has-post-thumbnail","7":"category-empresas","8":"tag-adidas","9":"tag-asics","10":"tag-bolsa","11":"tag-business","12":"tag-economy","13":"tag-empresas","14":"tag-mercados","15":"tag-nike","16":"tag-on","17":"tag-portugal","18":"tag-pt"},"share_on_mastodon":{"url":"https:\/\/pubeurope.com\/@pt\/115861216571936548","error":""},"_links":{"self":[{"href":"https:\/\/www.europesays.com\/pt\/wp-json\/wp\/v2\/posts\/221047","targetHints":{"allow":["GET"]}}],"collection":[{"href":"https:\/\/www.europesays.com\/pt\/wp-json\/wp\/v2\/posts"}],"about":[{"href":"https:\/\/www.europesays.com\/pt\/wp-json\/wp\/v2\/types\/post"}],"author":[{"embeddable":true,"href":"https:\/\/www.europesays.com\/pt\/wp-json\/wp\/v2\/users\/2"}],"replies":[{"embeddable":true,"href":"https:\/\/www.europesays.com\/pt\/wp-json\/wp\/v2\/comments?post=221047"}],"version-history":[{"count":0,"href":"https:\/\/www.europesays.com\/pt\/wp-json\/wp\/v2\/posts\/221047\/revisions"}],"wp:featuredmedia":[{"embeddable":true,"href":"https:\/\/www.europesays.com\/pt\/wp-json\/wp\/v2\/media\/221048"}],"wp:attachment":[{"href":"https:\/\/www.europesays.com\/pt\/wp-json\/wp\/v2\/media?parent=221047"}],"wp:term":[{"taxonomy":"category","embeddable":true,"href":"https:\/\/www.europesays.com\/pt\/wp-json\/wp\/v2\/categories?post=221047"},{"taxonomy":"post_tag","embeddable":true,"href":"https:\/\/www.europesays.com\/pt\/wp-json\/wp\/v2\/tags?post=221047"}],"curies":[{"name":"wp","href":"https:\/\/api.w.org\/{rel}","templated":true}]}}