{"id":221057,"date":"2026-01-08T19:59:19","date_gmt":"2026-01-08T19:59:19","guid":{"rendered":"https:\/\/www.europesays.com\/pt\/221057\/"},"modified":"2026-01-08T19:59:19","modified_gmt":"2026-01-08T19:59:19","slug":"man-united-quebra-varios-recordes-de-epoca-no-pos-amorim","status":"publish","type":"post","link":"https:\/\/www.europesays.com\/pt\/221057\/","title":{"rendered":"Man United quebra v\u00e1rios recordes de \u00e9poca no p\u00f3s-Amorim"},"content":{"rendered":"<p style=\"margin-bottom:11px\">No primeiro jogo p\u00f3s-Amorim, Darren Fletcher liderou o Manchester United a um <a href=\"https:\/\/maisfutebol.iol.pt\/inglaterra\/premier-league\/video-united-desilude-no-pos-amorim-newcastle-vence-jogo-louco\" rel=\"nofollow noopener\" target=\"_blank\">empate na visita ao Burnley<\/a> (2-2), mas com v\u00e1rios recordes de \u00e9poca. \u00c0 boleia dos <a href=\"https:\/\/www.sofascore.com\/pt-pt\/football\/team\/manchester-united\/35?utm_source=maisfutebol.iol.pt&amp;utm_medium=FootballOther\" target=\"_blank\" rel=\"nofollow noopener\">dados do <strong>SofaScore <\/strong>\u2013 parceiro estat\u00edstico do <\/a><strong><a href=\"https:\/\/www.sofascore.com\/pt-pt\/football\/team\/manchester-united\/35?utm_source=maisfutebol.iol.pt&amp;utm_medium=FootballOther\" target=\"_blank\" rel=\"nofollow noopener\">Maisfutebol<\/a> <\/strong>\u2013 \u00e9 percet\u00edvel que os \u201cRed Devils\u201d revelaram uma vontade rejuvenescida, alicer\u00e7ados \u2013 entre outros aspetos \u2013 no regresso de Bruno Fernandes e na mudan\u00e7a de sistema t\u00e1tico (4-2-3-1).<\/p>\n<p>Como \u00e9 percet\u00edvel no gr\u00e1fico abaixo apresentado, o Man United atingiu v\u00e1rios m\u00e1ximos ofensivos nesta \u00e9poca, a come\u00e7ar pelos remates (30) e pelas entradas no \u00faltimo ter\u00e7o (74). Perante o 19.\u00ba e pen\u00faltimo \u2013 a oito pontos de zona segura \u2013 os \u201cRed Devils\u201d driblaram melhor, foram mais coletivos no ataque e ganharam mais duelos.<\/p>\n<p>Na sequ\u00eancia de iniciativas coletivas, o Man United conseguiu 16 remates, quando o m\u00e1ximo anterior era de 12 remates.<\/p>\n<p>Ao cabo de quatro jornadas a pontuar \u2013 tr\u00eas empates e uma vit\u00f3ria \u2013 o <a href=\"https:\/\/maisfutebol.iol.pt\/resultadoseclassificacoes\/107\/Inglaterra\/Premier-League\" rel=\"nofollow noopener\" target=\"_blank\">Manchester United \u00e9 s\u00e9timo classificado, com 32 pontos<\/a> \u2013 igualado com o Newcastle (6.\u00ba) \u2013 e recebe o Manchester City (2.\u00ba) a 17 de janeiro.<\/p>\n<p style=\"text-align:center\"><img loading=\"lazy\" decoding=\"async\" alt=\"\" height=\"1439\" src=\"https:\/\/www.europesays.com\/pt\/wp-content\/uploads\/2026\/01\/1767902359_889_1000.webp\" width=\"1000\"\/><\/p>\n","protected":false},"excerpt":{"rendered":"No primeiro jogo p\u00f3s-Amorim, Darren Fletcher liderou o Manchester United a um empate na visita ao Burnley (2-2),&hellip;\n","protected":false},"author":2,"featured_media":221058,"comment_status":"","ping_status":"","sticky":false,"template":"","format":"standard","meta":{"footnotes":""},"categories":[87],"tags":[836,42778,135,23366,665,82,46,664,663,32,666,33,47,1052,3513,134],"class_list":{"0":"post-221057","1":"post","2":"type-post","3":"status-publish","4":"format-standard","5":"has-post-thumbnail","7":"category-desporto","8":"tag-analise","9":"tag-darren-fletcher","10":"tag-desporto","11":"tag-estatisticas","12":"tag-inglaterra","13":"tag-internacional","14":"tag-maisfutebol","15":"tag-man-united","16":"tag-manchester-united","17":"tag-portugal","18":"tag-premier-league","19":"tag-pt","20":"tag-pura-paixao","21":"tag-ruben-amorim","22":"tag-sofascore","23":"tag-sports"},"share_on_mastodon":{"url":"https:\/\/pubeurope.com\/@pt\/115861255921163263","error":""},"_links":{"self":[{"href":"https:\/\/www.europesays.com\/pt\/wp-json\/wp\/v2\/posts\/221057","targetHints":{"allow":["GET"]}}],"collection":[{"href":"https:\/\/www.europesays.com\/pt\/wp-json\/wp\/v2\/posts"}],"about":[{"href":"https:\/\/www.europesays.com\/pt\/wp-json\/wp\/v2\/types\/post"}],"author":[{"embeddable":true,"href":"https:\/\/www.europesays.com\/pt\/wp-json\/wp\/v2\/users\/2"}],"replies":[{"embeddable":true,"href":"https:\/\/www.europesays.com\/pt\/wp-json\/wp\/v2\/comments?post=221057"}],"version-history":[{"count":0,"href":"https:\/\/www.europesays.com\/pt\/wp-json\/wp\/v2\/posts\/221057\/revisions"}],"wp:featuredmedia":[{"embeddable":true,"href":"https:\/\/www.europesays.com\/pt\/wp-json\/wp\/v2\/media\/221058"}],"wp:attachment":[{"href":"https:\/\/www.europesays.com\/pt\/wp-json\/wp\/v2\/media?parent=221057"}],"wp:term":[{"taxonomy":"category","embeddable":true,"href":"https:\/\/www.europesays.com\/pt\/wp-json\/wp\/v2\/categories?post=221057"},{"taxonomy":"post_tag","embeddable":true,"href":"https:\/\/www.europesays.com\/pt\/wp-json\/wp\/v2\/tags?post=221057"}],"curies":[{"name":"wp","href":"https:\/\/api.w.org\/{rel}","templated":true}]}}