{"id":221075,"date":"2026-01-08T20:13:12","date_gmt":"2026-01-08T20:13:12","guid":{"rendered":"https:\/\/www.europesays.com\/pt\/221075\/"},"modified":"2026-01-08T20:13:12","modified_gmt":"2026-01-08T20:13:12","slug":"can-apos-polemica-argelia-pede-desculpa-a-lumumba","status":"publish","type":"post","link":"https:\/\/www.europesays.com\/pt\/221075\/","title":{"rendered":"CAN: ap\u00f3s pol\u00e9mica, Arg\u00e9lia pede desculpa a \u00abLumumba\u00bb"},"content":{"rendered":"<p data-end=\"635\" data-start=\"210\">Michel Kuka Mboladinga, conhecido como \u00abLumumba\u00bb, tornou-se uma das imagens mais marcantes da CAN 2025, <a href=\"https:\/\/maisfutebol.iol.pt\/internacional\/can\/incrivel-adepto-fica-imovel-durante-todo-o-jogo-na-can\" target=\"_blank\" rel=\"nofollow noopener\">ao permanecer im\u00f3vel durante 438 minutos nos jogos da Rep\u00fablica Democr\u00e1tica do Congo<\/a>, encarnando uma est\u00e1tua viva de Patrice Lumumba, her\u00f3i da independ\u00eancia congolesa. A sua hist\u00f3ria ganhou ainda maior destaque ap\u00f3s a elimina\u00e7\u00e3o da RD Congo frente \u00e0 Arg\u00e9lia\u00a0nos oitavos de final.<\/p>\n<p data-end=\"1121\" data-start=\"637\">Visivelmente emocionado no final do encontro, o adepto congol\u00eas foi alvo de <a href=\"https:\/\/maisfutebol.iol.pt\/can\/can-2025\/video-adepto-estatua-da-rd-congo-emociona-se-apos-derrota-com-argelia\" target=\"_blank\" rel=\"nofollow noopener\">um gesto de gozo por parte do avan\u00e7ado argelino Mohamed Amoura<\/a>, situa\u00e7\u00e3o que gerou forte pol\u00e9mica nas redes sociais.<\/p>\n<p data-end=\"1121\" data-start=\"637\">Confrontado com a dimens\u00e3o simb\u00f3lica do momento, o jogador do Wolfsburgo pediu desculpa publicamente, garantindo desconhecer o significado hist\u00f3rico da figura representada.<\/p>\n<p data-end=\"1121\" data-start=\"637\">\u00abSe a minha atitude foi mal interpretada, lamento sinceramente. N\u00e3o foi essa a minha inten\u00e7\u00e3o\u00bb, escreveu.<\/p>\n<p data-end=\"1486\" data-start=\"1123\">A Federa\u00e7\u00e3o Argelina de Futebol foi mais longe e decidiu homenagear Michel Kuka, num pedido de desculpas. Uma delega\u00e7\u00e3o deslocou-se a Casablanca para lhe entregar camisolas da sele\u00e7\u00e3o argelina com o nome \u00abLumumba\u00bb, uma delas assinada por todo o plantel, numa cerim\u00f3nia que contou com a presen\u00e7a do ministro dos Desportos da RD Congo, Didier Budimbu.<\/p>\n<p data-end=\"1815\" data-start=\"1488\">\u00abLumumba representa valores tamb\u00e9m muito caros aos argelinos. Este \u00e9 um gesto de respeito por um pa\u00eds irm\u00e3o\u00bb, sublinhou o representante da federa\u00e7\u00e3o argelina, lembrando os la\u00e7os hist\u00f3ricos entre as duas na\u00e7\u00f5es.<\/p>\n<p data-end=\"1815\" data-start=\"1488\"><strong>Veja aqui o momento:<\/strong><\/p>\n","protected":false},"excerpt":{"rendered":"Michel Kuka Mboladinga, conhecido como \u00abLumumba\u00bb, tornou-se uma das imagens mais marcantes da CAN 2025, ao permanecer im\u00f3vel&hellip;\n","protected":false},"author":2,"featured_media":221076,"comment_status":"","ping_status":"","sticky":false,"template":"","format":"standard","meta":{"footnotes":""},"categories":[87],"tags":[9893,808,38988,135,46,42781,42782,32,33,47,16776,134],"class_list":{"0":"post-221075","1":"post","2":"type-post","3":"status-publish","4":"format-standard","5":"has-post-thumbnail","7":"category-desporto","8":"tag-amoura","9":"tag-argelia","10":"tag-can","11":"tag-desporto","12":"tag-maisfutebol","13":"tag-michel-mboladinga","14":"tag-patrice-lumumba","15":"tag-portugal","16":"tag-pt","17":"tag-pura-paixao","18":"tag-republica-democratica-do-congo","19":"tag-sports"},"share_on_mastodon":{"url":"https:\/\/pubeurope.com\/@pt\/115861310854981026","error":""},"_links":{"self":[{"href":"https:\/\/www.europesays.com\/pt\/wp-json\/wp\/v2\/posts\/221075","targetHints":{"allow":["GET"]}}],"collection":[{"href":"https:\/\/www.europesays.com\/pt\/wp-json\/wp\/v2\/posts"}],"about":[{"href":"https:\/\/www.europesays.com\/pt\/wp-json\/wp\/v2\/types\/post"}],"author":[{"embeddable":true,"href":"https:\/\/www.europesays.com\/pt\/wp-json\/wp\/v2\/users\/2"}],"replies":[{"embeddable":true,"href":"https:\/\/www.europesays.com\/pt\/wp-json\/wp\/v2\/comments?post=221075"}],"version-history":[{"count":0,"href":"https:\/\/www.europesays.com\/pt\/wp-json\/wp\/v2\/posts\/221075\/revisions"}],"wp:featuredmedia":[{"embeddable":true,"href":"https:\/\/www.europesays.com\/pt\/wp-json\/wp\/v2\/media\/221076"}],"wp:attachment":[{"href":"https:\/\/www.europesays.com\/pt\/wp-json\/wp\/v2\/media?parent=221075"}],"wp:term":[{"taxonomy":"category","embeddable":true,"href":"https:\/\/www.europesays.com\/pt\/wp-json\/wp\/v2\/categories?post=221075"},{"taxonomy":"post_tag","embeddable":true,"href":"https:\/\/www.europesays.com\/pt\/wp-json\/wp\/v2\/tags?post=221075"}],"curies":[{"name":"wp","href":"https:\/\/api.w.org\/{rel}","templated":true}]}}