{"id":221088,"date":"2026-01-08T20:21:08","date_gmt":"2026-01-08T20:21:08","guid":{"rendered":"https:\/\/www.europesays.com\/pt\/221088\/"},"modified":"2026-01-08T20:21:08","modified_gmt":"2026-01-08T20:21:08","slug":"filha-de-xanddy-e-carla-perez-exibe-corpao-em-clique-de-biquini-e-ganha-elogios","status":"publish","type":"post","link":"https:\/\/www.europesays.com\/pt\/221088\/","title":{"rendered":"Filha de Xanddy e Carla Perez exibe corp\u00e3o em clique de biquini e ganha elogios"},"content":{"rendered":"<p><strong>Camilly Victoria<\/strong>, filha de <strong>Xanddy<\/strong> e <strong>Carla Perez<\/strong>, deixou os seguidores babando nesta quinta-feira (8) ao compartilhar cliques curtindo dias de descanso na <strong>Bahia<\/strong>. Ap\u00f3s uma maratona de shows ao lado do paiz\u00e3o, a jovem artista surgiu <strong>renovando o bronzeado<\/strong> em clima de total relaxamento.<\/p>\n<p>Nas imagens, Camilly abriu um \u00e1lbum das \u201cmini f\u00e9rias\u201d antes de retomar a agenda profissional e esbanjou sensualidade. Ela tamb\u00e9m mostrou momentos de um passeio de barco em fam\u00edlia, com direito a ostras no card\u00e1pio e paisagens paradis\u00edacas.<\/p>\n<p>Nos coment\u00e1rios, n\u00e3o faltaram elogios dos f\u00e3s que acompanham de perto cada passo da artista. \u201cLindeza estonteante\u201d, \u201cMaravilhosa\u201d, \u201cCoisa mais linda\u201d e \u201cCalma, sereia praiana\u201d foram algumas das mensagens deixadas pelos seguidores.<\/p>\n<p>Em entrevista recente ao <strong>Al\u00f4 Al\u00f4 Bahia<\/strong>, Camilly revelou que est\u00e1 se <a href=\"https:\/\/aloalobahia.com\/noticias\/2025\/12\/31\/camilly-victoria-filha-de-xanddy-e-carla-perez-prepara-projeto-de-pagode-para-2026-uma-mistura\/\" rel=\"nofollow noopener\" target=\"_blank\">preparando para lan\u00e7ar um EP de pagode logo ap\u00f3s o Carnaval<\/a>. Atuando como produtora do pai nos \u00faltimos meses, ela contou que o projeto vai misturar pagode, R&amp;B e samba.<\/p>\n<p>\u201cSempre cantei mais R&amp;B, que inclusive \u00e9 um g\u00eanero um pouquinho mais americano. Mas, dessa vez, estou fazendo um EP com Rafinha RSQ. A gente est\u00e1 montando uma mistura de R&amp;B com samba e pagode. N\u00e3o \u00e9 necessariamente para o Carnaval, \u00e9 para um pouquinho depois\u201d, contou.<\/p>\n<blockquote class=\"instagram-media\" style=\"background: #FFF;border: 0;border-radius: 3px;margin: 1px;max-width: 540px;min-width: 326px;padding: 0;width: calc(100% - 2px)\" data-instgrm-captioned=\"\" data-instgrm-permalink=\"https:\/\/www.instagram.com\/p\/DTQXpFWEb8o\/?utm_source=ig_embed&amp;utm_campaign=loading\" data-instgrm-version=\"14\">\n<\/blockquote>\n<p>\t\t\t\t<script async src=\"\/\/www.instagram.com\/embed.js\"><\/script><\/p>\n","protected":false},"excerpt":{"rendered":"Camilly Victoria, filha de Xanddy e Carla Perez, deixou os seguidores babando nesta quinta-feira (8) ao compartilhar cliques&hellip;\n","protected":false},"author":2,"featured_media":221089,"comment_status":"","ping_status":"","sticky":false,"template":"","format":"standard","meta":{"footnotes":""},"categories":[145],"tags":[211,210,114,115,32,33],"class_list":{"0":"post-221088","1":"post","2":"type-post","3":"status-publish","4":"format-standard","5":"has-post-thumbnail","7":"category-celebridades","8":"tag-celebridades","9":"tag-celebrities","10":"tag-entertainment","11":"tag-entretenimento","12":"tag-portugal","13":"tag-pt"},"share_on_mastodon":{"url":"https:\/\/pubeurope.com\/@pt\/115861342294016085","error":""},"_links":{"self":[{"href":"https:\/\/www.europesays.com\/pt\/wp-json\/wp\/v2\/posts\/221088","targetHints":{"allow":["GET"]}}],"collection":[{"href":"https:\/\/www.europesays.com\/pt\/wp-json\/wp\/v2\/posts"}],"about":[{"href":"https:\/\/www.europesays.com\/pt\/wp-json\/wp\/v2\/types\/post"}],"author":[{"embeddable":true,"href":"https:\/\/www.europesays.com\/pt\/wp-json\/wp\/v2\/users\/2"}],"replies":[{"embeddable":true,"href":"https:\/\/www.europesays.com\/pt\/wp-json\/wp\/v2\/comments?post=221088"}],"version-history":[{"count":0,"href":"https:\/\/www.europesays.com\/pt\/wp-json\/wp\/v2\/posts\/221088\/revisions"}],"wp:featuredmedia":[{"embeddable":true,"href":"https:\/\/www.europesays.com\/pt\/wp-json\/wp\/v2\/media\/221089"}],"wp:attachment":[{"href":"https:\/\/www.europesays.com\/pt\/wp-json\/wp\/v2\/media?parent=221088"}],"wp:term":[{"taxonomy":"category","embeddable":true,"href":"https:\/\/www.europesays.com\/pt\/wp-json\/wp\/v2\/categories?post=221088"},{"taxonomy":"post_tag","embeddable":true,"href":"https:\/\/www.europesays.com\/pt\/wp-json\/wp\/v2\/tags?post=221088"}],"curies":[{"name":"wp","href":"https:\/\/api.w.org\/{rel}","templated":true}]}}